{"id":53808,"date":"2024-07-30T10:44:01","date_gmt":"2024-07-30T13:44:01","guid":{"rendered":"https:\/\/infovera.com.ar\/web\/?p=53808"},"modified":"2024-07-30T17:55:29","modified_gmt":"2024-07-30T20:55:29","slug":"bolano-fue-elegido-titular-de-la-ucr-y-quedo-perfilado-para-competir-por-la-senaduria","status":"publish","type":"post","link":"https:\/\/infovera.com.ar\/web\/2024\/07\/30\/bolano-fue-elegido-titular-de-la-ucr-y-quedo-perfilado-para-competir-por-la-senaduria\/","title":{"rendered":"Ariel Bola\u00f1o fue elegido titular de la UCR y qued\u00f3 perfilado para competir por la senadur\u00eda"},"content":{"rendered":"<div class=\"x11i5rnm xat24cr x1mh8g0r x1vvkbs xtlvy1s x126k92a\"><\/div>\n<div dir=\"auto\">\n<p>El presidente comunal de Margarita fue designado para conducir los destinos del radicalismo verense.<\/p>\n<p>El encuentro para elegir las nuevas autoridades del partido tuvo lugar en la Casa Radical ubicada en la calle Moreno al 2200, de Vera. En la reuni\u00f3n, que cont\u00f3 con la presencia de los delegados, se design\u00f3 como presidente del Comit\u00e9 Departamental al Dr. Ariel Bola\u00f1o, actual presidente de la Comuna de Margarita.<\/p>\n<p>Estar\u00e1 acompa\u00f1ado por Lilia Sosa Garelli, vicepresidenta primera; Reynaldo Fabbroni, vicepresidente segundo; Juan Manuel Pintos, secretario general; Daniel Coronado, tesorero; Carlos Limberti, protesorero; Yesica Bastacini, secretaria de comunicaciones; Analia Schpeir y Claudio Acosta Fain, secretarios institucionales; Rosa Mar\u00eda Rastelli, secretaria de educaci\u00f3n; y Silvina Sigaudo y Juan Jos\u00e9 Humuller, vocales.<\/p>\n<p>Con esta elecci\u00f3n, Bola\u00f1o qued\u00f3 claramente perfilado para liderar el radicalismo departamental verense en su relaci\u00f3n con el partido a nivel provincial y competir en 2027 por la senadur\u00eda, un viejo sue\u00f1o del espacio hasta ahora irrealizable.<\/p>\n<p>El abogado y reelecto titular comunal de Margarita cultiva un perfil ejecutivo, de gesti\u00f3n de cercan\u00eda con los vecinos, sin altisonancias y con el esfuerzo puesto en lograr consensos. Adem\u00e1s, es visto por las autoridades provinciales como el recambio natural y necesario para ir por una banca en el Senado, la que le corresponde al Dpto. Vera.<\/p>\n<\/div>\n<div class=\"x11i5rnm xat24cr x1mh8g0r x1vvkbs xtlvy1s x126k92a\">\n<div dir=\"auto\"><\/div>\n<\/div>\n","protected":false},"excerpt":{"rendered":"<p>El presidente comunal de Margarita fue designado para conducir los destinos del radicalismo verense. El encuentro para elegir las nuevas autoridades del partido tuvo lugar en la Casa Radical ubicada en la calle Moreno al 2200, de Vera. En la reuni\u00f3n, que cont\u00f3 con la presencia de los delegados, se design\u00f3 como presidente del Comit\u00e9 [&hellip;]<\/p>\n","protected":false},"author":3,"featured_media":53809,"comment_status":"closed","ping_status":"closed","sticky":false,"template":"","format":"standard","meta":{"_joinchat":[],"footnotes":""},"categories":[66,53],"tags":[],"class_list":{"0":"post-53808","1":"post","2":"type-post","3":"status-publish","4":"format-standard","5":"has-post-thumbnail","7":"category-politica","8":"category-vera"},"_links":{"self":[{"href":"https:\/\/infovera.com.ar\/web\/wp-json\/wp\/v2\/posts\/53808","targetHints":{"allow":["GET"]}}],"collection":[{"href":"https:\/\/infovera.com.ar\/web\/wp-json\/wp\/v2\/posts"}],"about":[{"href":"https:\/\/infovera.com.ar\/web\/wp-json\/wp\/v2\/types\/post"}],"author":[{"embeddable":true,"href":"https:\/\/infovera.com.ar\/web\/wp-json\/wp\/v2\/users\/3"}],"replies":[{"embeddable":true,"href":"https:\/\/infovera.com.ar\/web\/wp-json\/wp\/v2\/comments?post=53808"}],"version-history":[{"count":0,"href":"https:\/\/infovera.com.ar\/web\/wp-json\/wp\/v2\/posts\/53808\/revisions"}],"wp:featuredmedia":[{"embeddable":true,"href":"https:\/\/infovera.com.ar\/web\/wp-json\/wp\/v2\/media\/53809"}],"wp:attachment":[{"href":"https:\/\/infovera.com.ar\/web\/wp-json\/wp\/v2\/media?parent=53808"}],"wp:term":[{"taxonomy":"category","embeddable":true,"href":"https:\/\/infovera.com.ar\/web\/wp-json\/wp\/v2\/categories?post=53808"},{"taxonomy":"post_tag","embeddable":true,"href":"https:\/\/infovera.com.ar\/web\/wp-json\/wp\/v2\/tags?post=53808"}],"curies":[{"name":"wp","href":"https:\/\/api.w.org\/{rel}","templated":true}]}}