{"id":53745,"date":"2024-07-27T12:13:42","date_gmt":"2024-07-27T15:13:42","guid":{"rendered":"https:\/\/infovera.com.ar\/web\/?p=53745"},"modified":"2024-07-27T12:13:42","modified_gmt":"2024-07-27T15:13:42","slug":"presentaron-impulsa-en-vera","status":"publish","type":"post","link":"https:\/\/infovera.com.ar\/web\/2024\/07\/27\/presentaron-impulsa-en-vera\/","title":{"rendered":"Presentaron &#8220;Impulsa&#8221; en Vera"},"content":{"rendered":"<p>El Gobierno de la Provincia de Santa Fe detall\u00f3 los alcances de este programa que tiene tres pilares fundamentales: \u201caprender, producir, trabajar\u201d, para que emprendedores y pymes de la ciudad puedan adherirse y aprovechar los beneficios de los mismos.<\/p>\n<p>Impulsa, Aprender, Producir, Trabajar, es una iniciativa liderada por el gabinete productivo de la Provincia de Santa Fe. Este plan se centra en la sinergia entre el Ministerio de Educaci\u00f3n, el Ministerio de Desarrollo Productivo y el Ministerio de Trabajo, Empleo y Seguridad Social, con el objetivo de coordinar estrat\u00e9gicamente la capacitaci\u00f3n laboral y la formaci\u00f3n profesional de las personas.<\/p>\n<p>As\u00ed, se pretende equipar a los ciudadanos con herramientas que potencien su inserci\u00f3n en el mercado laboral y contribuyan al incremento de la productividad dentro de la Provincia de Santa Fe.<\/p>\n<p>La charla estuvo a cargo del Secretario de Empleo y Desarrollo Emprendedor, Hern\u00e1n Franco; el director de Desarrollo Emprendedor e Innovaci\u00f3n laboral, Leandro Baravalle y el director de Empleo digno, Francisco Orrel,<\/p>\n<p>Participaron de la misma, la Intendente Municipal, Paula Mitre, el Subsecretario de Empleo y Producci\u00f3n del municipio, Ricardo Saavedra, la Secretaria de Desarrollo Humano, Jorgelina Vel\u00e1zquez y el Secretario de Hacienda y Finanzas, Paulo Dodorico.<\/p>\n","protected":false},"excerpt":{"rendered":"<p>El Gobierno de la Provincia de Santa Fe detall\u00f3 los alcances de este programa que tiene tres pilares fundamentales: \u201caprender, producir, trabajar\u201d, para que emprendedores y pymes de la ciudad puedan adherirse y aprovechar los beneficios de los mismos. Impulsa, Aprender, Producir, Trabajar, es una iniciativa liderada por el gabinete productivo de la Provincia de [&hellip;]<\/p>\n","protected":false},"author":3,"featured_media":53746,"comment_status":"closed","ping_status":"closed","sticky":false,"template":"","format":"standard","meta":{"_joinchat":[],"footnotes":""},"categories":[53],"tags":[],"class_list":{"0":"post-53745","1":"post","2":"type-post","3":"status-publish","4":"format-standard","5":"has-post-thumbnail","7":"category-vera"},"_links":{"self":[{"href":"https:\/\/infovera.com.ar\/web\/wp-json\/wp\/v2\/posts\/53745","targetHints":{"allow":["GET"]}}],"collection":[{"href":"https:\/\/infovera.com.ar\/web\/wp-json\/wp\/v2\/posts"}],"about":[{"href":"https:\/\/infovera.com.ar\/web\/wp-json\/wp\/v2\/types\/post"}],"author":[{"embeddable":true,"href":"https:\/\/infovera.com.ar\/web\/wp-json\/wp\/v2\/users\/3"}],"replies":[{"embeddable":true,"href":"https:\/\/infovera.com.ar\/web\/wp-json\/wp\/v2\/comments?post=53745"}],"version-history":[{"count":0,"href":"https:\/\/infovera.com.ar\/web\/wp-json\/wp\/v2\/posts\/53745\/revisions"}],"wp:featuredmedia":[{"embeddable":true,"href":"https:\/\/infovera.com.ar\/web\/wp-json\/wp\/v2\/media\/53746"}],"wp:attachment":[{"href":"https:\/\/infovera.com.ar\/web\/wp-json\/wp\/v2\/media?parent=53745"}],"wp:term":[{"taxonomy":"category","embeddable":true,"href":"https:\/\/infovera.com.ar\/web\/wp-json\/wp\/v2\/categories?post=53745"},{"taxonomy":"post_tag","embeddable":true,"href":"https:\/\/infovera.com.ar\/web\/wp-json\/wp\/v2\/tags?post=53745"}],"curies":[{"name":"wp","href":"https:\/\/api.w.org\/{rel}","templated":true}]}}