{"id":53742,"date":"2024-07-26T18:38:50","date_gmt":"2024-07-26T21:38:50","guid":{"rendered":"https:\/\/infovera.com.ar\/web\/?p=53742"},"modified":"2024-07-27T19:01:37","modified_gmt":"2024-07-27T22:01:37","slug":"sosa-se-reunio-con-el-ministro-de-educacion-por-mejoras-para-aulas-escolares","status":"publish","type":"post","link":"https:\/\/infovera.com.ar\/web\/2024\/07\/26\/sosa-se-reunio-con-el-ministro-de-educacion-por-mejoras-para-aulas-escolares\/","title":{"rendered":"Sosa se reuni\u00f3 con el Ministro de Educaci\u00f3n por mejoras para aulas escolares"},"content":{"rendered":"<p>&#8220;Priorizando la educaci\u00f3n del departamento Vera, nos reunimos con el Ministro de Educaci\u00f3n Jos\u00e9 Goity&#8221;, consign\u00f3 el senador Osvaldo Sosa.<\/p>\n<p>El legislador verense dijo al respecto que &#8220;en el di\u00e1logo permanente que venimos manteniendo con las instituciones escolares, las mismas nos manifestaban las necesidades edilicias de cada escuela, priorizando las mejoras en las aulas. Inquietudes que aprovechamos para transmitirle al ministro y gestionar soluciones en conjunto, obteniendo como respuesta, que los proyectos presentados para las mejoras de cada una de las escuelas, se van a ir realizando mediante los municipios y comunas como obras delegadas&#8221;.<\/p>\n<p>Estas obras se van a ir ejecutando por grupos y dando respuestas as\u00ed, a una demanda que necesita celeridad, valor\u00f3 Sosa.<\/p>\n<p>Por \u00faltimo, cont\u00f3 que &#8220;d\u00e1ndole la importancia que nuestra regi\u00f3n se merece, hice la invitaci\u00f3n al ministro a uno de los mejores congresos de educaci\u00f3n que se vienen realizando, como es el Congreso de Educaci\u00f3n organizado por el Colegio Superior N\u00b0 42 a realizarse en el mes de septiembre&#8221;.<\/p>\n","protected":false},"excerpt":{"rendered":"<p>&#8220;Priorizando la educaci\u00f3n del departamento Vera, nos reunimos con el Ministro de Educaci\u00f3n Jos\u00e9 Goity&#8221;, consign\u00f3 el senador Osvaldo Sosa. El legislador verense dijo al respecto que &#8220;en el di\u00e1logo permanente que venimos manteniendo con las instituciones escolares, las mismas nos manifestaban las necesidades edilicias de cada escuela, priorizando las mejoras en las aulas. Inquietudes [&hellip;]<\/p>\n","protected":false},"author":3,"featured_media":53743,"comment_status":"closed","ping_status":"closed","sticky":false,"template":"","format":"standard","meta":{"_joinchat":[],"footnotes":""},"categories":[53],"tags":[],"class_list":{"0":"post-53742","1":"post","2":"type-post","3":"status-publish","4":"format-standard","5":"has-post-thumbnail","7":"category-vera"},"_links":{"self":[{"href":"https:\/\/infovera.com.ar\/web\/wp-json\/wp\/v2\/posts\/53742","targetHints":{"allow":["GET"]}}],"collection":[{"href":"https:\/\/infovera.com.ar\/web\/wp-json\/wp\/v2\/posts"}],"about":[{"href":"https:\/\/infovera.com.ar\/web\/wp-json\/wp\/v2\/types\/post"}],"author":[{"embeddable":true,"href":"https:\/\/infovera.com.ar\/web\/wp-json\/wp\/v2\/users\/3"}],"replies":[{"embeddable":true,"href":"https:\/\/infovera.com.ar\/web\/wp-json\/wp\/v2\/comments?post=53742"}],"version-history":[{"count":0,"href":"https:\/\/infovera.com.ar\/web\/wp-json\/wp\/v2\/posts\/53742\/revisions"}],"wp:featuredmedia":[{"embeddable":true,"href":"https:\/\/infovera.com.ar\/web\/wp-json\/wp\/v2\/media\/53743"}],"wp:attachment":[{"href":"https:\/\/infovera.com.ar\/web\/wp-json\/wp\/v2\/media?parent=53742"}],"wp:term":[{"taxonomy":"category","embeddable":true,"href":"https:\/\/infovera.com.ar\/web\/wp-json\/wp\/v2\/categories?post=53742"},{"taxonomy":"post_tag","embeddable":true,"href":"https:\/\/infovera.com.ar\/web\/wp-json\/wp\/v2\/tags?post=53742"}],"curies":[{"name":"wp","href":"https:\/\/api.w.org\/{rel}","templated":true}]}}