{"id":53738,"date":"2024-07-26T18:35:15","date_gmt":"2024-07-26T21:35:15","guid":{"rendered":"https:\/\/infovera.com.ar\/web\/?p=53738"},"modified":"2024-07-26T18:35:15","modified_gmt":"2024-07-26T21:35:15","slug":"trabajos-y-gestiones-realizadas-en-las-ultimas-semanas-por-la-comuna-de-la-gallareta","status":"publish","type":"post","link":"https:\/\/infovera.com.ar\/web\/2024\/07\/26\/trabajos-y-gestiones-realizadas-en-las-ultimas-semanas-por-la-comuna-de-la-gallareta\/","title":{"rendered":"Trabajos y gestiones realizadas en las \u00faltimas semanas por la Comuna de La Gallareta"},"content":{"rendered":"<p>El presidente comunal Fernando Nicola inform\u00f3 tareas llevadas a cabo:<\/p>\n<p>Mantenimiento de calles urbanas, (tanto de ripios como de calzada natural)<\/p>\n<p>Limpieza general:<br \/>\n\u2022 Calles y veredas.<br \/>\n\u2022 Cuneteos<br \/>\n\u2022 Trabajos de desag\u00fces.<br \/>\n\u2022 Canalizaci\u00f3n.<br \/>\nEsto facilita el buen escurrimiento.<\/p>\n<p>Trabajos activos y continuos en caminos rurales.<\/p>\n<p>Mantenimiento de espacios p\u00fablicos<\/p>\n<p>Firmas de convenios :<br \/>\n\u2022 Programa de recreaci\u00f3n para adultos mayores .<br \/>\n\u2022 Programa de colaboraci\u00f3n e informaci\u00f3n para la regularizaci\u00f3n dominial.<\/p>\n<p>Creaci\u00f3n de la secretaria de deportes, a cargo de Ricardo Arrieta, lo que posibilitar\u00e1 el acceso a los programas provinciales y nacionales, que servir\u00e1n de contenci\u00f3n y recreaci\u00f3n para la comunidad toda.<\/p>\n<p>&#8220;Quiero agradecer al Gobierno de la Provincia por el acompa\u00f1amiento constante y atento para llevar adelante una gesti\u00f3n eficaz y s\u00f3lida; y a todos y cada uno de nuestros operarios por la entrega y responsabilidad a la hora de realizar su trabajo. Por \u00faltimo quiero pedir la colaboraci\u00f3n de todos los vecinos en el cuidado y el mantenimiento de las obras que se llevan a cabo. Recuerden que cada espacio es de todos y se mantiene con los recursos que cada ciudadano aporta. Continuemos trabajando unidos y en equipo para que nuestra querida Gallareta siga quedando en lo m\u00e1s alto. &#8216;Un buen compromiso, es aquel en el que todos hacen una contribuci\u00f3n'&#8221;, manifest\u00f3.<\/p>\n<p><a href=\"https:\/\/infovera.com.ar\/web\/wp-content\/uploads\/2024\/07\/la-gallar.jpg\"><img loading=\"lazy\" decoding=\"async\" class=\"alignleft size-full wp-image-53740\" src=\"https:\/\/infovera.com.ar\/web\/wp-content\/uploads\/2024\/07\/la-gallar.jpg\" alt=\"\" width=\"2048\" height=\"946\" srcset=\"https:\/\/infovera.com.ar\/web\/wp-content\/uploads\/2024\/07\/la-gallar.jpg 2048w, https:\/\/infovera.com.ar\/web\/wp-content\/uploads\/2024\/07\/la-gallar-696x321.jpg 696w, https:\/\/infovera.com.ar\/web\/wp-content\/uploads\/2024\/07\/la-gallar-1068x493.jpg 1068w, https:\/\/infovera.com.ar\/web\/wp-content\/uploads\/2024\/07\/la-gallar-909x420.jpg 909w\" sizes=\"auto, (max-width: 2048px) 100vw, 2048px\" \/><\/a><\/p>\n","protected":false},"excerpt":{"rendered":"<p>El presidente comunal Fernando Nicola inform\u00f3 tareas llevadas a cabo: Mantenimiento de calles urbanas, (tanto de ripios como de calzada natural) Limpieza general: \u2022 Calles y veredas. \u2022 Cuneteos \u2022 Trabajos de desag\u00fces. \u2022 Canalizaci\u00f3n. Esto facilita el buen escurrimiento. Trabajos activos y continuos en caminos rurales. Mantenimiento de espacios p\u00fablicos Firmas de convenios : [&hellip;]<\/p>\n","protected":false},"author":3,"featured_media":53739,"comment_status":"closed","ping_status":"closed","sticky":false,"template":"","format":"standard","meta":{"_joinchat":[],"footnotes":""},"categories":[51],"tags":[],"class_list":{"0":"post-53738","1":"post","2":"type-post","3":"status-publish","4":"format-standard","5":"has-post-thumbnail","7":"category-locales"},"_links":{"self":[{"href":"https:\/\/infovera.com.ar\/web\/wp-json\/wp\/v2\/posts\/53738","targetHints":{"allow":["GET"]}}],"collection":[{"href":"https:\/\/infovera.com.ar\/web\/wp-json\/wp\/v2\/posts"}],"about":[{"href":"https:\/\/infovera.com.ar\/web\/wp-json\/wp\/v2\/types\/post"}],"author":[{"embeddable":true,"href":"https:\/\/infovera.com.ar\/web\/wp-json\/wp\/v2\/users\/3"}],"replies":[{"embeddable":true,"href":"https:\/\/infovera.com.ar\/web\/wp-json\/wp\/v2\/comments?post=53738"}],"version-history":[{"count":0,"href":"https:\/\/infovera.com.ar\/web\/wp-json\/wp\/v2\/posts\/53738\/revisions"}],"wp:featuredmedia":[{"embeddable":true,"href":"https:\/\/infovera.com.ar\/web\/wp-json\/wp\/v2\/media\/53739"}],"wp:attachment":[{"href":"https:\/\/infovera.com.ar\/web\/wp-json\/wp\/v2\/media?parent=53738"}],"wp:term":[{"taxonomy":"category","embeddable":true,"href":"https:\/\/infovera.com.ar\/web\/wp-json\/wp\/v2\/categories?post=53738"},{"taxonomy":"post_tag","embeddable":true,"href":"https:\/\/infovera.com.ar\/web\/wp-json\/wp\/v2\/tags?post=53738"}],"curies":[{"name":"wp","href":"https:\/\/api.w.org\/{rel}","templated":true}]}}