{"id":53700,"date":"2024-07-25T12:43:40","date_gmt":"2024-07-25T15:43:40","guid":{"rendered":"https:\/\/infovera.com.ar\/web\/?p=53700"},"modified":"2024-07-25T12:43:40","modified_gmt":"2024-07-25T15:43:40","slug":"vialidad-nacional-trabaja-en-el-norte-sobre-las-rutas-11-y-98","status":"publish","type":"post","link":"https:\/\/infovera.com.ar\/web\/2024\/07\/25\/vialidad-nacional-trabaja-en-el-norte-sobre-las-rutas-11-y-98\/","title":{"rendered":"Vialidad Nacional trabaja en el norte sobre las rutas 11 y 98"},"content":{"rendered":"<p>Vialidad Nacional, por intermedio del 7\u00ba Distrito Santa Fe, desarrolla tareas mejorativas en las Rutas Nacionales del centro\/norte provincial.<\/p>\n<p>Por un lado, avanza el bacheo y fresado de deformaciones sobre la RN 11, por estos d\u00edas en la zona de Colonia Silva, especialmente en su traves\u00eda urbana. Las mejoras comprenden la recomposici\u00f3n de la base del camino, con agregado de cemento, en diversos sectores.<\/p>\n<p>Dada la presencia de equipos y trabajadores del organismo vial nacional se produce la reducci\u00f3n de un carril, con paso alternado. Colabora en el ordenamiento personal de la comuna de Colonia Silva.<\/p>\n<p>Para el tramo Gobernador Crespo \u2013 Reconquista\/Avellaneda, el contrato de obra en marcha avanza con trabajos de bacheo profundo con reciclado de la base de la ruta mediante el agregado de material y cemento. Estas intervenciones se concentran al norte de Gobernador Crespo, con restricciones puntuales de carril y paso alternado. Sobre estos sectores recuperados, en una etapa siguiente, se colocar\u00e1 una nueva capa de pavimento. Paralelamente la contratista realizar el corte de pasto y desmalezado, m\u00e1s otras acciones de conservaci\u00f3n sobre el tramo.<\/p>\n<p>En otro frente de tareas, personal de los campamentos Tostado y Reconquista efect\u00faa acciones de bacheo preventivo sobre la RN 98, que une Vera con Tostado. En este caso las acciones de conservaci\u00f3n de la transitabilidad se ubican entre el empalme con RN 95, en Tostado, y hasta el Km 123, al este de la localidad. En los trayectos con trabajos se reduce un carril, con paso de a una mano por vez coordinado por banderilleros.<\/p>\n","protected":false},"excerpt":{"rendered":"<p>Vialidad Nacional, por intermedio del 7\u00ba Distrito Santa Fe, desarrolla tareas mejorativas en las Rutas Nacionales del centro\/norte provincial. Por un lado, avanza el bacheo y fresado de deformaciones sobre la RN 11, por estos d\u00edas en la zona de Colonia Silva, especialmente en su traves\u00eda urbana. Las mejoras comprenden la recomposici\u00f3n de la base [&hellip;]<\/p>\n","protected":false},"author":3,"featured_media":53701,"comment_status":"closed","ping_status":"closed","sticky":false,"template":"","format":"standard","meta":{"_joinchat":[],"footnotes":""},"categories":[51],"tags":[],"class_list":{"0":"post-53700","1":"post","2":"type-post","3":"status-publish","4":"format-standard","5":"has-post-thumbnail","7":"category-locales"},"_links":{"self":[{"href":"https:\/\/infovera.com.ar\/web\/wp-json\/wp\/v2\/posts\/53700","targetHints":{"allow":["GET"]}}],"collection":[{"href":"https:\/\/infovera.com.ar\/web\/wp-json\/wp\/v2\/posts"}],"about":[{"href":"https:\/\/infovera.com.ar\/web\/wp-json\/wp\/v2\/types\/post"}],"author":[{"embeddable":true,"href":"https:\/\/infovera.com.ar\/web\/wp-json\/wp\/v2\/users\/3"}],"replies":[{"embeddable":true,"href":"https:\/\/infovera.com.ar\/web\/wp-json\/wp\/v2\/comments?post=53700"}],"version-history":[{"count":0,"href":"https:\/\/infovera.com.ar\/web\/wp-json\/wp\/v2\/posts\/53700\/revisions"}],"wp:featuredmedia":[{"embeddable":true,"href":"https:\/\/infovera.com.ar\/web\/wp-json\/wp\/v2\/media\/53701"}],"wp:attachment":[{"href":"https:\/\/infovera.com.ar\/web\/wp-json\/wp\/v2\/media?parent=53700"}],"wp:term":[{"taxonomy":"category","embeddable":true,"href":"https:\/\/infovera.com.ar\/web\/wp-json\/wp\/v2\/categories?post=53700"},{"taxonomy":"post_tag","embeddable":true,"href":"https:\/\/infovera.com.ar\/web\/wp-json\/wp\/v2\/tags?post=53700"}],"curies":[{"name":"wp","href":"https:\/\/api.w.org\/{rel}","templated":true}]}}