{"id":53697,"date":"2024-07-25T09:53:09","date_gmt":"2024-07-25T12:53:09","guid":{"rendered":"https:\/\/infovera.com.ar\/web\/?p=53697"},"modified":"2024-07-26T10:08:01","modified_gmt":"2024-07-26T13:08:01","slug":"el-consul-general-de-italia-visito-vera","status":"publish","type":"post","link":"https:\/\/infovera.com.ar\/web\/2024\/07\/25\/el-consul-general-de-italia-visito-vera\/","title":{"rendered":"El c\u00f3nsul general de Italia visit\u00f3 Vera"},"content":{"rendered":"<p style=\"font-weight: 400;\">El c\u00f3nsul general de Italia, Marco Bocchi, estuvo en Vera acompa\u00f1ado por el dirigente escol\u00e1stico Michele Nero y su primera actividad fue la visita a la Sociedad Italiana, donde fue recibido por su presidente Nidia Malano y la intendente Paula Mitre, dem\u00e1s integrantes de la comisi\u00f3n, referentes pol\u00edticos e institucionales del a ciudad.<\/p>\n<p style=\"font-weight: 400;\">En esta sede, se le exhibi\u00f3 el libro fundacional cuyas primeras actas fueron redactadas en italiano, algo que sorprendi\u00f3 al visitante que luego fue invitado a recorrer las dem\u00e1s dependencias que incluye un aula donde se ense\u00f1a el idioma a medio centenar de alumnos, cuyas clases est\u00e1n a cargo de Esteban Saucedo, Nidia Malano, Karin Pretto y Mar\u00eda Cecilia Merip.<\/p>\n<p style=\"font-weight: 400;\">El c\u00f3nsul se mostr\u00f3 muy halagado por la c\u00e1lida acogida y la expectativa generada por su visita por el espectro institucional de la ciudad.<\/p>\n<p style=\"font-weight: 400;\">En di\u00e1logo con los dirigentes locales les expres\u00f3 su satisfacci\u00f3n por la tarea que realizan por difundir la lengua y la cultura italiana.<\/p>\n<p style=\"font-weight: 400;\">La visita concluy\u00f3 con un intercambio de presentes entre los cuales se destac\u00f3 el mate artesanal que se le entreg\u00f3 a cambio de una bibliograf\u00eda y una Bandera de Italia para la instituci\u00f3n.<\/p>\n<p style=\"font-weight: 400;\"><strong>MITRE RECIBI\u00d3 AL C\u00d3NSUL ITALIANO<\/strong><\/p>\n<p style=\"font-weight: 400;\">Marco Bocchi, acompa\u00f1ado por la intendente Paula Mitre y el resto de la comitiva, caminaron los metros que separan la Sociedad Italiana de la Municipalidad y se convirti\u00f3 en anfitriona de la distinguida visita, con quien comparti\u00f3 un entretenido di\u00e1logo para destacar el honor de recibirlo y explicarle el significado de algunas obras de artistas verenses que engalanan el sal\u00f3n principal del municipio, adem\u00e1s comentarle el protagonismo que tuvo la colectividad italiana en el origen de los pueblos del norte santafesino y particularmente en Vera.<\/p>\n<p style=\"font-weight: 400;\">El c\u00f3nsul, reiter\u00f3 su predisposici\u00f3n a abrir las puertas del consulado que tiene sede en Rosario, pero jurisdicci\u00f3n en seis provincias, para brindar apoyo en todo lo que signifique la difusi\u00f3n de la lengua y cultura italiana.<\/p>\n<p style=\"font-weight: 400;\">Tambi\u00e9n aqu\u00ed hubo intercambio de presentes, en este caso fue una obra tallada en madera de la zona.<\/p>\n<p style=\"font-weight: 400;\">Antes de partir, el grupo pas\u00f3 por la plazoleta inspirada en homenaje a los pioneros italianos que vinieron a trabajar la tierra, ubicada \u00a0frente al Monumento al Hachero.<\/p>\n","protected":false},"excerpt":{"rendered":"<p>El c\u00f3nsul general de Italia, Marco Bocchi, estuvo en Vera acompa\u00f1ado por el dirigente escol\u00e1stico Michele Nero y su primera actividad fue la visita a la Sociedad Italiana, donde fue recibido por su presidente Nidia Malano y la intendente Paula Mitre, dem\u00e1s integrantes de la comisi\u00f3n, referentes pol\u00edticos e institucionales del a ciudad. En esta [&hellip;]<\/p>\n","protected":false},"author":3,"featured_media":53698,"comment_status":"closed","ping_status":"closed","sticky":false,"template":"","format":"standard","meta":{"_joinchat":[],"footnotes":""},"categories":[53],"tags":[],"class_list":{"0":"post-53697","1":"post","2":"type-post","3":"status-publish","4":"format-standard","5":"has-post-thumbnail","7":"category-vera"},"_links":{"self":[{"href":"https:\/\/infovera.com.ar\/web\/wp-json\/wp\/v2\/posts\/53697","targetHints":{"allow":["GET"]}}],"collection":[{"href":"https:\/\/infovera.com.ar\/web\/wp-json\/wp\/v2\/posts"}],"about":[{"href":"https:\/\/infovera.com.ar\/web\/wp-json\/wp\/v2\/types\/post"}],"author":[{"embeddable":true,"href":"https:\/\/infovera.com.ar\/web\/wp-json\/wp\/v2\/users\/3"}],"replies":[{"embeddable":true,"href":"https:\/\/infovera.com.ar\/web\/wp-json\/wp\/v2\/comments?post=53697"}],"version-history":[{"count":0,"href":"https:\/\/infovera.com.ar\/web\/wp-json\/wp\/v2\/posts\/53697\/revisions"}],"wp:featuredmedia":[{"embeddable":true,"href":"https:\/\/infovera.com.ar\/web\/wp-json\/wp\/v2\/media\/53698"}],"wp:attachment":[{"href":"https:\/\/infovera.com.ar\/web\/wp-json\/wp\/v2\/media?parent=53697"}],"wp:term":[{"taxonomy":"category","embeddable":true,"href":"https:\/\/infovera.com.ar\/web\/wp-json\/wp\/v2\/categories?post=53697"},{"taxonomy":"post_tag","embeddable":true,"href":"https:\/\/infovera.com.ar\/web\/wp-json\/wp\/v2\/tags?post=53697"}],"curies":[{"name":"wp","href":"https:\/\/api.w.org\/{rel}","templated":true}]}}