{"id":53679,"date":"2024-07-24T17:58:23","date_gmt":"2024-07-24T20:58:23","guid":{"rendered":"https:\/\/infovera.com.ar\/web\/?p=53679"},"modified":"2024-07-25T09:53:51","modified_gmt":"2024-07-25T12:53:51","slug":"luis-fabris-asune-la-banca-que-deja-vacante-reynaldo-fabbroni","status":"publish","type":"post","link":"https:\/\/infovera.com.ar\/web\/2024\/07\/24\/luis-fabris-asune-la-banca-que-deja-vacante-reynaldo-fabbroni\/","title":{"rendered":"Luis Fabris asume la banca que deja vacante Reynaldo Fabbroni"},"content":{"rendered":"<p>Un dictamen del Tribunal Electoral as\u00ed lo dispuso.<\/p>\n<p>El designado concejal prestar\u00e1 juramento en la sesi\u00f3n del jueves por la noche.<\/p>\n<p>El dictamen:<\/p>\n<p>CERTIFICO que, seg\u00fan constancias obrantes en esta Secretar\u00eda, el ciudadano LUIS CARLOS FABRIS (DNI N.\u00ba 23.915.957), ha resultado candidato electo al cargo de Concejal, segundo suplente, en la localidad de Vera -departamento Vera-, en representaci\u00f3n de la alianza electoral transitoria \u201cJuntos Por el Cambio &#8211; Vera\u201d, en las elecciones generales convocadas por el Poder Ejecutivo.para el 14 de noviembre de 2021.<\/p>\n<p>A pedido parte, y para ser presentado ante quien corresponda, extiendo el presente que sello y firmo, en la ciudad de Santa Fe, a los 24 d\u00edas del mes de julio del a\u00f1o 2024.<\/p>\n<p>Firmado: Pablo Ayala, secretario electoral<\/p>\n","protected":false},"excerpt":{"rendered":"<p>Un dictamen del Tribunal Electoral as\u00ed lo dispuso. El designado concejal prestar\u00e1 juramento en la sesi\u00f3n del jueves por la noche. El dictamen: CERTIFICO que, seg\u00fan constancias obrantes en esta Secretar\u00eda, el ciudadano LUIS CARLOS FABRIS (DNI N.\u00ba 23.915.957), ha resultado candidato electo al cargo de Concejal, segundo suplente, en la localidad de Vera -departamento [&hellip;]<\/p>\n","protected":false},"author":3,"featured_media":53680,"comment_status":"closed","ping_status":"closed","sticky":false,"template":"","format":"standard","meta":{"_joinchat":[],"footnotes":""},"categories":[53],"tags":[],"class_list":{"0":"post-53679","1":"post","2":"type-post","3":"status-publish","4":"format-standard","5":"has-post-thumbnail","7":"category-vera"},"_links":{"self":[{"href":"https:\/\/infovera.com.ar\/web\/wp-json\/wp\/v2\/posts\/53679","targetHints":{"allow":["GET"]}}],"collection":[{"href":"https:\/\/infovera.com.ar\/web\/wp-json\/wp\/v2\/posts"}],"about":[{"href":"https:\/\/infovera.com.ar\/web\/wp-json\/wp\/v2\/types\/post"}],"author":[{"embeddable":true,"href":"https:\/\/infovera.com.ar\/web\/wp-json\/wp\/v2\/users\/3"}],"replies":[{"embeddable":true,"href":"https:\/\/infovera.com.ar\/web\/wp-json\/wp\/v2\/comments?post=53679"}],"version-history":[{"count":0,"href":"https:\/\/infovera.com.ar\/web\/wp-json\/wp\/v2\/posts\/53679\/revisions"}],"wp:featuredmedia":[{"embeddable":true,"href":"https:\/\/infovera.com.ar\/web\/wp-json\/wp\/v2\/media\/53680"}],"wp:attachment":[{"href":"https:\/\/infovera.com.ar\/web\/wp-json\/wp\/v2\/media?parent=53679"}],"wp:term":[{"taxonomy":"category","embeddable":true,"href":"https:\/\/infovera.com.ar\/web\/wp-json\/wp\/v2\/categories?post=53679"},{"taxonomy":"post_tag","embeddable":true,"href":"https:\/\/infovera.com.ar\/web\/wp-json\/wp\/v2\/tags?post=53679"}],"curies":[{"name":"wp","href":"https:\/\/api.w.org\/{rel}","templated":true}]}}