{"id":53659,"date":"2024-07-23T11:35:26","date_gmt":"2024-07-23T14:35:26","guid":{"rendered":"https:\/\/infovera.com.ar\/web\/?p=53659"},"modified":"2024-07-24T11:22:15","modified_gmt":"2024-07-24T14:22:15","slug":"garabato-sin-ambulancia-la-camioneta-de-la-comuna-duerme-en-el-hospital","status":"publish","type":"post","link":"https:\/\/infovera.com.ar\/web\/2024\/07\/23\/garabato-sin-ambulancia-la-camioneta-de-la-comuna-duerme-en-el-hospital\/","title":{"rendered":"Garabato sin ambulancia: &#8220;La camioneta de la comuna &#8216;duerme&#8217; en el Hospital&#8221;"},"content":{"rendered":"<p>El pueblo ubicado 60 kil\u00f3metros al norte de Vera no cuenta con una unidad sanitaria para traslados de enfermos.<\/p>\n<p>Garabato padece, desde hace a\u00f1os, la falta de una ambulancia. A pesar de las gestiones, persistentes, de sus autoridades comunales para conseguir un m\u00f3vil sanitario, el distrito no fue tenido en cuenta en la \u00faltima entrega que llev\u00f3 a cabo el gobierno de Omar Perotti.<\/p>\n<p>El presidente comunal Luis Mu\u00f1oz manifest\u00f3 su preocupaci\u00f3n por la carencia que afecta a la comunidad que gobierna. &#8220;La camioneta de la comuna &#8216;duerme&#8217; en el Hospital&#8221;, describi\u00f3, para graficar a situaci\u00f3n que se vive a diario que obliga a que el veh\u00edculo comunal deba permanecer &#8220;de guardia&#8221; en el nosocomio para brindar asistencia ante cualquier emergencia. Con los costos a cargo de la comuna.<\/p>\n<p>Los pedidos para que Salud otorgue una ambulancia a Garabato siempre cayeron en saco roto. Se trata de un reclamo que se remonta a 2016 y que , hasta ahora, nadie atiende.<\/p>\n","protected":false},"excerpt":{"rendered":"<p>El pueblo ubicado 60 kil\u00f3metros al norte de Vera no cuenta con una unidad sanitaria para traslados de enfermos. Garabato padece, desde hace a\u00f1os, la falta de una ambulancia. A pesar de las gestiones, persistentes, de sus autoridades comunales para conseguir un m\u00f3vil sanitario, el distrito no fue tenido en cuenta en la \u00faltima entrega [&hellip;]<\/p>\n","protected":false},"author":3,"featured_media":53660,"comment_status":"closed","ping_status":"closed","sticky":false,"template":"","format":"standard","meta":{"_joinchat":[],"footnotes":""},"categories":[51],"tags":[],"class_list":{"0":"post-53659","1":"post","2":"type-post","3":"status-publish","4":"format-standard","5":"has-post-thumbnail","7":"category-locales"},"_links":{"self":[{"href":"https:\/\/infovera.com.ar\/web\/wp-json\/wp\/v2\/posts\/53659","targetHints":{"allow":["GET"]}}],"collection":[{"href":"https:\/\/infovera.com.ar\/web\/wp-json\/wp\/v2\/posts"}],"about":[{"href":"https:\/\/infovera.com.ar\/web\/wp-json\/wp\/v2\/types\/post"}],"author":[{"embeddable":true,"href":"https:\/\/infovera.com.ar\/web\/wp-json\/wp\/v2\/users\/3"}],"replies":[{"embeddable":true,"href":"https:\/\/infovera.com.ar\/web\/wp-json\/wp\/v2\/comments?post=53659"}],"version-history":[{"count":0,"href":"https:\/\/infovera.com.ar\/web\/wp-json\/wp\/v2\/posts\/53659\/revisions"}],"wp:featuredmedia":[{"embeddable":true,"href":"https:\/\/infovera.com.ar\/web\/wp-json\/wp\/v2\/media\/53660"}],"wp:attachment":[{"href":"https:\/\/infovera.com.ar\/web\/wp-json\/wp\/v2\/media?parent=53659"}],"wp:term":[{"taxonomy":"category","embeddable":true,"href":"https:\/\/infovera.com.ar\/web\/wp-json\/wp\/v2\/categories?post=53659"},{"taxonomy":"post_tag","embeddable":true,"href":"https:\/\/infovera.com.ar\/web\/wp-json\/wp\/v2\/tags?post=53659"}],"curies":[{"name":"wp","href":"https:\/\/api.w.org\/{rel}","templated":true}]}}