{"id":53655,"date":"2024-07-22T19:15:28","date_gmt":"2024-07-22T22:15:28","guid":{"rendered":"https:\/\/infovera.com.ar\/web\/?p=53655"},"modified":"2024-07-22T19:15:28","modified_gmt":"2024-07-22T22:15:28","slug":"iapos-iniciara-querellas-por-el-incumplimiento-del-servicio-de-anestesistas","status":"publish","type":"post","link":"https:\/\/infovera.com.ar\/web\/2024\/07\/22\/iapos-iniciara-querellas-por-el-incumplimiento-del-servicio-de-anestesistas\/","title":{"rendered":"Iapos iniciar\u00e1 querellas por el incumplimiento del servicio de anestesistas"},"content":{"rendered":"<p>El ministro de Econom\u00eda, Pablo Olivares, precis\u00f3 que \u201clos anestesi\u00f3logos son parte de los recursos humanos de los sanatorios; el Iapos no tiene contrato con ellos, por lo tanto, el afiliado no tiene por qu\u00e9 pagar sus honorarios. Si por alguna raz\u00f3n se ve coaccionado a pagar, ese dinero va a ser reintegrado y ese monto va a ser debitado de la correspondiente gerenciadora. El Estado va a tomar medidas\u201d.<\/p>\n<p>&nbsp;<\/p>\n<p>El ministro de Econom\u00eda, Pablo Olivares, se refiri\u00f3 este lunes a la situaci\u00f3n del Instituto Aut\u00e1rquico Provincial de Obra Social (Iapos) frente a los anestesistas que cobran honorarios a los afiliados. En ese marco, el ministro manifest\u00f3 \u201cuna profunda preocupaci\u00f3n. Los anestesi\u00f3logos son parte de los recursos humanos de los sanatorios, el Iapos no tiene contrato con ellos, sino que el contrato que realiza la obra social es a trav\u00e9s de gerenciadoras, que procuran la prestaci\u00f3n de sanatorios. Lo que estamos viendo con profunda preocupaci\u00f3n es que lo que est\u00e1 sucediendo con el Iapos es meramente un s\u00edntoma, la punta del iceberg, que parte de esos recursos humanos han salido de control de sus patrones y est\u00e1n comenzando a pedir honorarios al afiliado\u201d.<\/p>\n<p>\u201cEsto se debe a que el Iapos es una instituci\u00f3n de referencia para despu\u00e9s realizarlo con las dem\u00e1s obras sociales, por una cuesti\u00f3n de Estado p\u00fablico y por una cuesti\u00f3n de volumen. El afiliado no tiene por qu\u00e9 pagar algo que ya Iapos est\u00e1 pagando a los empleadores de los anestesi\u00f3logos. La preocupaci\u00f3n es que si este s\u00edntoma expresa que los patrones han perdido el control de sus recursos humanos (que le facturan a cualquiera de sus pacientes), \u00bfqu\u00e9 nivel de control va a tener el quir\u00f3fano donde se va a entrar?\u201d, se pregunt\u00f3 el ministro.<\/p>\n<p>En ese sentido, Olivares enfatiz\u00f3 que \u201cel afiliado no tiene porqu\u00e9 pagar. Pero aclaramos que, en primer lugar, si por alguna raz\u00f3n se ve coaccionado a pagar, ese dinero va a ser reintegrado y ese monto va a ser debitado de la correspondiente gerenciadora porque es parte de lo que ya se est\u00e1 pagando\u201d.<\/p>\n<p>En segundo lugar, \u201cel Estado va a tomar medidas. La Asociaci\u00f3n de Anestesi\u00f3logos de Rosario no tiene competencia para establecer aranceles, hemos analizado los estatutos, es una competencia del Colegio de M\u00e9dicos. Lo que ha acontecido es que a lo largo de un tiempo ha sustra\u00eddo de hecho la facultades para generar la oferta, es decir, los cupos de formaci\u00f3n de anestesi\u00f3logo est\u00e1 siendo gestionada exclusivamente por los propios anestesi\u00f3logos. Eso ha regulado la oferta, han hecho acuerdos con anestesi\u00f3logos de otras provincias para que no puedan venir a prestar servicio aqu\u00ed y que ni los de ac\u00e1 pueden prestar en otras provincias. Esto ha generado una cartelizaci\u00f3n con control del territorio. Esto est\u00e1 significando una presi\u00f3n en los aranceles de los sanatorios, que han tenido un incremento de esos aranceles de m\u00e1s de 500% en un a\u00f1o\u201d.<\/p>\n<p>\u201cDesde el Iapos vamos a seguir muy de cerca esta situaci\u00f3n. Sabemos que una cirug\u00eda que se tiene que reprogramar implica un riesgo, si por alguna raz\u00f3n alg\u00fan afiliado tiene una alguna contingencia, el Iapos va a ser querellante ante esa situaci\u00f3n y, por supuesto, vamos a propiciar las denuncias que correspondan. Desde el Iapos vamos a ser querellantes para que si en alguna situaci\u00f3n se configura alguna tipificaci\u00f3n penal, podamos acompa\u00f1ar\u201d, finaliz\u00f3 el ministro de Econom\u00eda.<\/p>\n","protected":false},"excerpt":{"rendered":"<p>El ministro de Econom\u00eda, Pablo Olivares, precis\u00f3 que \u201clos anestesi\u00f3logos son parte de los recursos humanos de los sanatorios; el Iapos no tiene contrato con ellos, por lo tanto, el afiliado no tiene por qu\u00e9 pagar sus honorarios. Si por alguna raz\u00f3n se ve coaccionado a pagar, ese dinero va a ser reintegrado y ese [&hellip;]<\/p>\n","protected":false},"author":3,"featured_media":53656,"comment_status":"closed","ping_status":"closed","sticky":false,"template":"","format":"standard","meta":{"_joinchat":[],"footnotes":""},"categories":[60],"tags":[],"class_list":{"0":"post-53655","1":"post","2":"type-post","3":"status-publish","4":"format-standard","5":"has-post-thumbnail","7":"category-provinciales"},"_links":{"self":[{"href":"https:\/\/infovera.com.ar\/web\/wp-json\/wp\/v2\/posts\/53655","targetHints":{"allow":["GET"]}}],"collection":[{"href":"https:\/\/infovera.com.ar\/web\/wp-json\/wp\/v2\/posts"}],"about":[{"href":"https:\/\/infovera.com.ar\/web\/wp-json\/wp\/v2\/types\/post"}],"author":[{"embeddable":true,"href":"https:\/\/infovera.com.ar\/web\/wp-json\/wp\/v2\/users\/3"}],"replies":[{"embeddable":true,"href":"https:\/\/infovera.com.ar\/web\/wp-json\/wp\/v2\/comments?post=53655"}],"version-history":[{"count":0,"href":"https:\/\/infovera.com.ar\/web\/wp-json\/wp\/v2\/posts\/53655\/revisions"}],"wp:featuredmedia":[{"embeddable":true,"href":"https:\/\/infovera.com.ar\/web\/wp-json\/wp\/v2\/media\/53656"}],"wp:attachment":[{"href":"https:\/\/infovera.com.ar\/web\/wp-json\/wp\/v2\/media?parent=53655"}],"wp:term":[{"taxonomy":"category","embeddable":true,"href":"https:\/\/infovera.com.ar\/web\/wp-json\/wp\/v2\/categories?post=53655"},{"taxonomy":"post_tag","embeddable":true,"href":"https:\/\/infovera.com.ar\/web\/wp-json\/wp\/v2\/tags?post=53655"}],"curies":[{"name":"wp","href":"https:\/\/api.w.org\/{rel}","templated":true}]}}