{"id":53610,"date":"2024-07-21T20:26:19","date_gmt":"2024-07-21T23:26:19","guid":{"rendered":"https:\/\/infovera.com.ar\/web\/?p=53610"},"modified":"2024-07-22T10:47:25","modified_gmt":"2024-07-22T13:47:25","slug":"el-chino-maidana-paso-por-venezuela-y-le-levanto-la-mano-al-dictador-maduro","status":"publish","type":"post","link":"https:\/\/infovera.com.ar\/web\/2024\/07\/21\/el-chino-maidana-paso-por-venezuela-y-le-levanto-la-mano-al-dictador-maduro\/","title":{"rendered":"El Chino Maidana pas\u00f3 por Venezuela y le levant\u00f3 la mano al dictador Maduro"},"content":{"rendered":"<p>A una semana de las elecciones presidenciales en el pa\u00eds caribe\u00f1o.<\/p>\n<p>En la noche del s\u00e1bado, el excampe\u00f3n mundial de boxeo Marcos Ren\u00e9 &#8220;Chino&#8221; Maidana tuvo un encuentro con el dictador venezolano Nicol\u00e1s Maduro. El glorioso boxeador argentino fue parte de una comitiva de leyendas del ring que se reunieron con el mandatario en el pa\u00eds centroamericano.<\/p>\n<p>Maidana pos\u00f3 para una foto en la que aparece levant\u00e1ndole la mano izquierda al presidente chavista, a una semana de las elecciones presidenciales previstas para el domingo 28 y en medio de un clima pol\u00edtico enrarecido, con denuncias de atentados formuladas por candidatos opositores y encuestas que dan primero al l\u00edder opositor Edmundo Gonz\u00e1lez Urrutia.<\/p>\n<p><a href=\"https:\/\/infovera.com.ar\/web\/wp-content\/uploads\/2024\/07\/chino-ma.png\"><img loading=\"lazy\" decoding=\"async\" class=\"alignleft size-full wp-image-53615\" src=\"https:\/\/infovera.com.ar\/web\/wp-content\/uploads\/2024\/07\/chino-ma.png\" alt=\"\" width=\"1024\" height=\"674\" srcset=\"https:\/\/infovera.com.ar\/web\/wp-content\/uploads\/2024\/07\/chino-ma.png 1024w, https:\/\/infovera.com.ar\/web\/wp-content\/uploads\/2024\/07\/chino-ma-696x458.png 696w, https:\/\/infovera.com.ar\/web\/wp-content\/uploads\/2024\/07\/chino-ma-638x420.png 638w\" sizes=\"auto, (max-width: 1024px) 100vw, 1024px\" \/><\/a><\/p>\n<p>En la ocasi\u00f3n, estuvieron presentes, adem\u00e1s del exp\u00fagil de Margarita que concurri\u00f3 junto a su entrenador y manager, Rodrigo Calabrese, el paname\u00f1\u00f3 Roberto &#8220;Mano de Piedra&#8221; Dur\u00e1n, considerados el mejor peso ligero de todos los tiempos, acompa\u00f1ado por sus hijos; Carlos &#8220;Triple C&#8221; Ca\u00f1izales, doble campe\u00f3n mundial en la categor\u00eda mini mosca, y su entrenador, William P\u00e9rez.<\/p>\n<p>Asimismo, fueron de la partida presidente y vicepresidente de Venezuela Top Boxing, Jorge Fern\u00e1ndez y Antoni Ter\u00e1n, respectivamente.<\/p>\n<p>Tras la difusi\u00f3n de las im\u00e1genes en redes sociales, los comentarios fueron cr\u00edticos con el &#8220;Chino&#8221;: &#8220;No es x ah\u00ed&#8221;, &#8220;La verdad que podr\u00eda buscarse otro &#8216;l\u00edder'&#8221;, &#8220;Con ese impresentable \u00bfC\u00f3mo caer tan bajo Chino? \u00a1Qu\u00e9 desilusi\u00f3n!&#8221;.<\/p>\n<p>No es la primera vez que Maidana genera pol\u00e9mica en su paso por Centroam\u00e9rica. En noviembre de 2017 se fotografi\u00f3 en Antioquia, Colombia, con John Jairo V\u00e1squez, jefe de sicarios del narcotraficante Pablo Escobar, que se adjudic\u00f3 el asesinato de 300 personas y falleci\u00f3 en febrero de 2020. En aquella oportunidad, arma en mano los dos, el &#8220;Chino&#8221; public\u00f3 en su Instagram: &#8220;Visitando a Popeye, el general de la mafia&#8221;.<\/p>\n<p><a href=\"https:\/\/infovera.com.ar\/web\/wp-content\/uploads\/2024\/07\/chino.png\"><img loading=\"lazy\" decoding=\"async\" class=\"alignleft size-full wp-image-53612\" src=\"https:\/\/infovera.com.ar\/web\/wp-content\/uploads\/2024\/07\/chino.png\" alt=\"\" width=\"991\" height=\"1303\" srcset=\"https:\/\/infovera.com.ar\/web\/wp-content\/uploads\/2024\/07\/chino.png 991w, https:\/\/infovera.com.ar\/web\/wp-content\/uploads\/2024\/07\/chino-696x915.png 696w, https:\/\/infovera.com.ar\/web\/wp-content\/uploads\/2024\/07\/chino-319x420.png 319w\" sizes=\"auto, (max-width: 991px) 100vw, 991px\" \/><\/a><\/p>\n<p>&nbsp;<\/p>\n<p>&nbsp;<\/p>\n","protected":false},"excerpt":{"rendered":"<p>A una semana de las elecciones presidenciales en el pa\u00eds caribe\u00f1o. En la noche del s\u00e1bado, el excampe\u00f3n mundial de boxeo Marcos Ren\u00e9 &#8220;Chino&#8221; Maidana tuvo un encuentro con el dictador venezolano Nicol\u00e1s Maduro. El glorioso boxeador argentino fue parte de una comitiva de leyendas del ring que se reunieron con el mandatario en el [&hellip;]<\/p>\n","protected":false},"author":3,"featured_media":53611,"comment_status":"closed","ping_status":"closed","sticky":false,"template":"","format":"standard","meta":{"_joinchat":[],"footnotes":""},"categories":[33,31],"tags":[],"class_list":{"0":"post-53610","1":"post","2":"type-post","3":"status-publish","4":"format-standard","5":"has-post-thumbnail","7":"category-boxeo","8":"category-deportes"},"_links":{"self":[{"href":"https:\/\/infovera.com.ar\/web\/wp-json\/wp\/v2\/posts\/53610","targetHints":{"allow":["GET"]}}],"collection":[{"href":"https:\/\/infovera.com.ar\/web\/wp-json\/wp\/v2\/posts"}],"about":[{"href":"https:\/\/infovera.com.ar\/web\/wp-json\/wp\/v2\/types\/post"}],"author":[{"embeddable":true,"href":"https:\/\/infovera.com.ar\/web\/wp-json\/wp\/v2\/users\/3"}],"replies":[{"embeddable":true,"href":"https:\/\/infovera.com.ar\/web\/wp-json\/wp\/v2\/comments?post=53610"}],"version-history":[{"count":0,"href":"https:\/\/infovera.com.ar\/web\/wp-json\/wp\/v2\/posts\/53610\/revisions"}],"wp:featuredmedia":[{"embeddable":true,"href":"https:\/\/infovera.com.ar\/web\/wp-json\/wp\/v2\/media\/53611"}],"wp:attachment":[{"href":"https:\/\/infovera.com.ar\/web\/wp-json\/wp\/v2\/media?parent=53610"}],"wp:term":[{"taxonomy":"category","embeddable":true,"href":"https:\/\/infovera.com.ar\/web\/wp-json\/wp\/v2\/categories?post=53610"},{"taxonomy":"post_tag","embeddable":true,"href":"https:\/\/infovera.com.ar\/web\/wp-json\/wp\/v2\/tags?post=53610"}],"curies":[{"name":"wp","href":"https:\/\/api.w.org\/{rel}","templated":true}]}}