{"id":53597,"date":"2024-07-20T13:26:09","date_gmt":"2024-07-20T16:26:09","guid":{"rendered":"https:\/\/infovera.com.ar\/web\/?p=53597"},"modified":"2024-07-20T13:27:01","modified_gmt":"2024-07-20T16:27:01","slug":"asistencia-perfecta-docentes-nortenos-dicen-que-ahora-el-sistema-se-acordo-de-nosotros","status":"publish","type":"post","link":"https:\/\/infovera.com.ar\/web\/2024\/07\/20\/asistencia-perfecta-docentes-nortenos-dicen-que-ahora-el-sistema-se-acordo-de-nosotros\/","title":{"rendered":"Asistencia Perfecta: docentes norte\u00f1os dicen que &#8220;ahora el sistema se acord\u00f3 de nosotros\u201d"},"content":{"rendered":"<p>Lo afirman Diego Ram\u00edrez, docente de jornada ampliada en una escuela rural de Paraje El Lucero, en el departamento San Crist\u00f3bal, que recorre 100 kil\u00f3metros en moto para llegar al establecimiento; y Lilian Godoy, docente y directora, que remarca que \u201cmi vida consiste en esto, en la escuela; el reconocimiento Asistencia Perfecta es un premio al docente que est\u00e1 todo el d\u00eda en el aula\u201d.<\/p>\n<p>La Escuela N.\u00ba 952 Domingo Faustino Sarmiento se ubica en el Paraje El Lucero, ubicado en el departamento de San Cristobal de la provincia de Santa Fe. Es una escuela rural que brinda albergue de lunes a viernes a los ni\u00f1os y ni\u00f1as que all\u00ed estudian, tanto en el nivel inicial, como en el primario.<\/p>\n<p>La escuela est\u00e1 compuesta por la docente de nivel inicial, cinco maestras de primaria, docentes especiales de educaci\u00f3n f\u00edsica, m\u00fasica, tecnolog\u00eda y pl\u00e1stica. Adem\u00e1s cuentan con clases de danza e ingl\u00e9s en jornada ampliada. A eso se le suma el equipo de asistentes escolares, los celadores de albergue, dos cocineros, un ec\u00f3nomo y dos porteros. Lilian Godoy y Diego Ram\u00edrez son docentes all\u00ed.<\/p>\n<p>Lilian es la directora. Ella llega los domingos a la tarde a la escuela y se queda hasta los viernes a la tarde, cuando van a retirar a todos los ni\u00f1os. Lilian trabaja en la Escuela N\u00b0 952 hace 15 a\u00f1os, desde el a\u00f1o 2009 trabaja en forma definitiva, antes hizo reemplazos cortos y ahora es interina en la direcci\u00f3n. Hace 17 a\u00f1os que es docente. \u201cPrimero estudi\u00e9 docencia por iniciativa de mi pap\u00e1, para cumplirle su sue\u00f1o y me encant\u00f3. A la vocaci\u00f3n la encontr\u00e9 en el momento de compartir con los ni\u00f1os. Ah\u00ed dije si, esto es lo m\u00edo. Ellos esperan amor, comprensi\u00f3n y que estemos para ellos y, obviamente, la transmisi\u00f3n de contenidos. Cuando aprenden a conocer el mundo a trav\u00e9s de las letras y los n\u00fameros es emocionante\u201d.<\/p>\n<p>Ser directora de una escuela rural con albergue implica una gran responsabilidad, tanto para su directora como para sus docentes. \u201cPor eso, en mi carrera docente tuve muy pocas inasistencias. Mi vida consiste en esto, en la escuela. El reconocimiento a la Asistencia Perfecta es un premio al docente que est\u00e1 todo el d\u00eda en su grado. Me pareci\u00f3 muy buena idea y acepto esa propuesta del Gobierno\u201d.<\/p>\n<p>Por \u00faltimo, Lilian solicit\u00f3 \u201ca otros docentes que sigan ejerciendo para poder formar buenos ni\u00f1os y que elijan la ruralidad\u201d.<\/p>\n<p><a href=\"https:\/\/infovera.com.ar\/web\/wp-content\/uploads\/2024\/07\/maes.jpg\"><img loading=\"lazy\" decoding=\"async\" class=\"alignleft size-full wp-image-53601\" src=\"https:\/\/infovera.com.ar\/web\/wp-content\/uploads\/2024\/07\/maes.jpg\" alt=\"\" width=\"1280\" height=\"854\" srcset=\"https:\/\/infovera.com.ar\/web\/wp-content\/uploads\/2024\/07\/maes.jpg 1280w, https:\/\/infovera.com.ar\/web\/wp-content\/uploads\/2024\/07\/maes-696x464.jpg 696w, https:\/\/infovera.com.ar\/web\/wp-content\/uploads\/2024\/07\/maes-1068x713.jpg 1068w, https:\/\/infovera.com.ar\/web\/wp-content\/uploads\/2024\/07\/maes-630x420.jpg 630w\" sizes=\"auto, (max-width: 1280px) 100vw, 1280px\" \/><\/a><\/p>\n<p>Garantizar la continuidad pedag\u00f3gica<\/p>\n<p>Por otro lado, Diego Ram\u00edrez es docente de escuelas rurales. Actualmente se desempe\u00f1a en la jornada ampliada de la Escuela Primaria N.\u00ba 952, en el N\u00facleo Rural N.\u00ba 610, en la Escuela San Francisco (ubicada sobre la Ruta 39) y en la Escuela Gustavo Mart\u00ednez Zuvir\u00eda (ubicada sobre la Ruta 4). Adem\u00e1s trabaja en en la Escuela N\u00ba 922 Fray Justo Santa Mar\u00eda de Oro, en San Crist\u00f3bal.<\/p>\n<p>Para Diego, \u201cser docente es una vocaci\u00f3n. En mi caso en particular surgi\u00f3 por la curiosidad que dio frutos cuando los chicos aprendieron\u201d. Para llegar a la Escuela N\u00b0 952 viaja en moto desde San Cristobal. Son 100 kil\u00f3metros de ida y 100 kil\u00f3metros de vuelta. Diego llega a la escuela los domingos y se retira los d\u00edas martes. En total, hace 800 kil\u00f3metros por mes.<\/p>\n<p>\u201cLa vida en la escuela rural es un contexto distinto. Algunos piensan que es aburrido, pero para m\u00ed es lindo interactuar con los alumnos, con los docentes, con la directora, con las asistentes escolares y con los padres. Siempre ofreciendo lo mejor de m\u00ed para ellos\u201d, explica Diego, quien los lunes da clases de danza y los martes de m\u00fasica. \u201cYo siempre les digo a los chicos que no se trata de bailar por bailar, o cantar por cantar. Entonces les explico que si van a bailar una danza tienen que saber el significado, qui\u00e9n la escribi\u00f3, d\u00f3nde est\u00e1 ubicada y en qu\u00e9 tiempo. Ah\u00ed vamos deshojando la danza para elaborarla y que ellos mismos se puedan expresar en crear la coreograf\u00eda. Busco que puedan entender la cultura argentina y, en nuestro caso en particular, la ruralidad\u201d, detall\u00f3.<\/p>\n<p>Sobre la asistencia como docente, Diego afirma que \u201cno me gusta faltar para garantizar la continuidad pedag\u00f3gica. Cuando recib\u00ed el primer email que me lleg\u00f3 de Asistencia Perfecta me sent\u00ed orgulloso y valor\u00e9 mi trabajo. Creo que ahora el sistema se acord\u00f3 de nosotros. Yo rompo motos viniendo a la escuela, he salido con barro, bajo la tormenta y fue todo un reconocimiento. Mi sue\u00f1o es que los chicos puedan aprender cada d\u00eda m\u00e1s de la cultura argentina\u201d.<\/p>\n<p>Para finalizar, Diego sostuvo que \u201cestudiamos para ser docentes y educadores. Van a pasar muchas circunstancias y momentos adversos pero tenemos que pasarlos porque nos preparamos para eso\u201d.<\/p>\n","protected":false},"excerpt":{"rendered":"<p>Lo afirman Diego Ram\u00edrez, docente de jornada ampliada en una escuela rural de Paraje El Lucero, en el departamento San Crist\u00f3bal, que recorre 100 kil\u00f3metros en moto para llegar al establecimiento; y Lilian Godoy, docente y directora, que remarca que \u201cmi vida consiste en esto, en la escuela; el reconocimiento Asistencia Perfecta es un premio [&hellip;]<\/p>\n","protected":false},"author":3,"featured_media":53598,"comment_status":"closed","ping_status":"closed","sticky":false,"template":"","format":"standard","meta":{"_joinchat":[],"footnotes":""},"categories":[61],"tags":[],"class_list":{"0":"post-53597","1":"post","2":"type-post","3":"status-publish","4":"format-standard","5":"has-post-thumbnail","7":"category-regionales"},"_links":{"self":[{"href":"https:\/\/infovera.com.ar\/web\/wp-json\/wp\/v2\/posts\/53597","targetHints":{"allow":["GET"]}}],"collection":[{"href":"https:\/\/infovera.com.ar\/web\/wp-json\/wp\/v2\/posts"}],"about":[{"href":"https:\/\/infovera.com.ar\/web\/wp-json\/wp\/v2\/types\/post"}],"author":[{"embeddable":true,"href":"https:\/\/infovera.com.ar\/web\/wp-json\/wp\/v2\/users\/3"}],"replies":[{"embeddable":true,"href":"https:\/\/infovera.com.ar\/web\/wp-json\/wp\/v2\/comments?post=53597"}],"version-history":[{"count":0,"href":"https:\/\/infovera.com.ar\/web\/wp-json\/wp\/v2\/posts\/53597\/revisions"}],"wp:featuredmedia":[{"embeddable":true,"href":"https:\/\/infovera.com.ar\/web\/wp-json\/wp\/v2\/media\/53598"}],"wp:attachment":[{"href":"https:\/\/infovera.com.ar\/web\/wp-json\/wp\/v2\/media?parent=53597"}],"wp:term":[{"taxonomy":"category","embeddable":true,"href":"https:\/\/infovera.com.ar\/web\/wp-json\/wp\/v2\/categories?post=53597"},{"taxonomy":"post_tag","embeddable":true,"href":"https:\/\/infovera.com.ar\/web\/wp-json\/wp\/v2\/tags?post=53597"}],"curies":[{"name":"wp","href":"https:\/\/api.w.org\/{rel}","templated":true}]}}