{"id":53565,"date":"2024-07-18T19:15:35","date_gmt":"2024-07-18T22:15:35","guid":{"rendered":"https:\/\/infovera.com.ar\/web\/?p=53565"},"modified":"2024-07-18T19:15:35","modified_gmt":"2024-07-18T22:15:35","slug":"santa-fe-en-movimiento-extiende-el-plazo-de-inscripcion","status":"publish","type":"post","link":"https:\/\/infovera.com.ar\/web\/2024\/07\/18\/santa-fe-en-movimiento-extiende-el-plazo-de-inscripcion\/","title":{"rendered":"Santa Fe en Movimiento extiende el plazo de inscripci\u00f3n"},"content":{"rendered":"<p>El Gobierno de la Provincia de Santa Fe inform\u00f3 que extendi\u00f3 hasta el pr\u00f3ximo martes 23 de julio la fecha para la inscripci\u00f3n al Programa Santa Fe en Movimiento.<\/p>\n<p>Las instituciones interesadas podr\u00e1n inscribirse ingresando a <a href=\"www.santafe.gob.ar\/enmovimiento\">www.santafe.gob.ar\/enmovimiento<\/a><\/p>\n<p>Ser\u00e1n m\u00e1s de 150 mil los participantes de nivel Inicial, Primario y Secundario, de instituciones deportivas y comunitarias, junto a 10 mil adultos mayores que tendr\u00e1n la oportunidad de acceder a 3.700 espacios destinados a actividades deportivas, de juego y recreaci\u00f3n, para promover valores como la inclusi\u00f3n, el respeto, la solidaridad y la tolerancia.<\/p>\n<p>El programa interministerial, que convoca a los ministerios de Educaci\u00f3n, Igualdad y Desarrollo Humano y la Secretar\u00eda de Cooperaci\u00f3n, lleva adelante esta propuesta que tiene como objetivo fomentar la participaci\u00f3n de toda la poblaci\u00f3n en actividades deportivas, educativas, recreativas y culturales.<\/p>\n<p>Santa Fe en Movimiento<\/p>\n<p>Durante el a\u00f1o habr\u00e1 instancias escolares, interinstitucionales, encuentros deportivos, propuestas para j\u00f3venes y personas mayores, espacios de formaci\u00f3n para profesores de educaci\u00f3n f\u00edsica y entrega de material deportivo a instituciones que se inscriban.<\/p>\n<p>La primera de ellas ser\u00e1 Infancias Jugadas, un trayecto que tiene como objetivo favorecer la participaci\u00f3n de las infancias en actividades de iniciaci\u00f3n deportiva tales como juegos motores, ajedrez y minivoley, destinadas a estudiantes de nivel primario. Se prev\u00e9 120 encuentros con 43 mil participantes.<\/p>\n<p>A su vez se desarrollar\u00e1 Encuentros Deportivos, una propuesta que propicia la participaci\u00f3n de alumnos y alumnas de las instituciones de la comunidad santafesina en propuestas deportivas. Ser\u00e1 el nexo para la creaci\u00f3n de espacios de convivencia entre j\u00f3venes de 362 localidades de la provincia, en 3.500 torneos con 80 mil participantes.<\/p>\n<p>Tambi\u00e9n se sumar\u00e1 Movida Joven cuyo objetivo es generar encuentros recreativos, deportivos y culturales pensados con j\u00f3venes. La propuesta est\u00e1 pensada comunitariamente, invitando a participar de la misma a organizaciones e instituciones intermedias de cada localidad, en 40 encuentros con un total de 20 mil participantes.<\/p>\n<p>Por \u00faltimo se desarrollar\u00e1 Jugadas Mayores, una propuesta que tiene como prop\u00f3sito facilitar el acceso a actividades recreativas y deportivas a personas mayores de toda la provincia. Se llevar\u00e1n a cabo 22 encuentros con 10 mil participantes.<\/p>\n","protected":false},"excerpt":{"rendered":"<p>El Gobierno de la Provincia de Santa Fe inform\u00f3 que extendi\u00f3 hasta el pr\u00f3ximo martes 23 de julio la fecha para la inscripci\u00f3n al Programa Santa Fe en Movimiento. Las instituciones interesadas podr\u00e1n inscribirse ingresando a www.santafe.gob.ar\/enmovimiento Ser\u00e1n m\u00e1s de 150 mil los participantes de nivel Inicial, Primario y Secundario, de instituciones deportivas y comunitarias, [&hellip;]<\/p>\n","protected":false},"author":3,"featured_media":53566,"comment_status":"closed","ping_status":"closed","sticky":false,"template":"","format":"standard","meta":{"_joinchat":[],"footnotes":""},"categories":[60],"tags":[],"class_list":{"0":"post-53565","1":"post","2":"type-post","3":"status-publish","4":"format-standard","5":"has-post-thumbnail","7":"category-provinciales"},"_links":{"self":[{"href":"https:\/\/infovera.com.ar\/web\/wp-json\/wp\/v2\/posts\/53565","targetHints":{"allow":["GET"]}}],"collection":[{"href":"https:\/\/infovera.com.ar\/web\/wp-json\/wp\/v2\/posts"}],"about":[{"href":"https:\/\/infovera.com.ar\/web\/wp-json\/wp\/v2\/types\/post"}],"author":[{"embeddable":true,"href":"https:\/\/infovera.com.ar\/web\/wp-json\/wp\/v2\/users\/3"}],"replies":[{"embeddable":true,"href":"https:\/\/infovera.com.ar\/web\/wp-json\/wp\/v2\/comments?post=53565"}],"version-history":[{"count":0,"href":"https:\/\/infovera.com.ar\/web\/wp-json\/wp\/v2\/posts\/53565\/revisions"}],"wp:featuredmedia":[{"embeddable":true,"href":"https:\/\/infovera.com.ar\/web\/wp-json\/wp\/v2\/media\/53566"}],"wp:attachment":[{"href":"https:\/\/infovera.com.ar\/web\/wp-json\/wp\/v2\/media?parent=53565"}],"wp:term":[{"taxonomy":"category","embeddable":true,"href":"https:\/\/infovera.com.ar\/web\/wp-json\/wp\/v2\/categories?post=53565"},{"taxonomy":"post_tag","embeddable":true,"href":"https:\/\/infovera.com.ar\/web\/wp-json\/wp\/v2\/tags?post=53565"}],"curies":[{"name":"wp","href":"https:\/\/api.w.org\/{rel}","templated":true}]}}