{"id":53546,"date":"2024-07-17T15:14:50","date_gmt":"2024-07-17T18:14:50","guid":{"rendered":"https:\/\/infovera.com.ar\/web\/?p=53546"},"modified":"2024-07-17T15:14:50","modified_gmt":"2024-07-17T18:14:50","slug":"aniversario-del-huracan-fbc","status":"publish","type":"post","link":"https:\/\/infovera.com.ar\/web\/2024\/07\/17\/aniversario-del-huracan-fbc\/","title":{"rendered":"Aniversario del Hurac\u00e1n FBC"},"content":{"rendered":"<p>La tradicional instituci\u00f3n del barrio Centro cumpli\u00f3 109 a\u00f1os y, a pesar del fr\u00edo invernal, la CD encabezada por Lucas Beka convoc\u00f3 al resto de los integrantes que sumaron m\u00e1s simpatizantes para hacer la vigilia, esperar el 15 de Julio y cantar el Feliz Cumplea\u00f1os en la misma cancha.<\/p>\n<p>La entidad espera cerrar el festejo el pr\u00f3ximo domingo cuando, en su estadio, se entreguen reconocimientos a personajes con trayectoria dentro de la instituci\u00f3n y enfrente a Ferro, en uno de los cl\u00e1sicos m\u00e1s picantes en la historia de la Liga, partido en el que, se har\u00e1 la presentaci\u00f3n de la nueva indumentaria del plantel de primera divisi\u00f3n.<\/p>\n","protected":false},"excerpt":{"rendered":"<p>La tradicional instituci\u00f3n del barrio Centro cumpli\u00f3 109 a\u00f1os y, a pesar del fr\u00edo invernal, la CD encabezada por Lucas Beka convoc\u00f3 al resto de los integrantes que sumaron m\u00e1s simpatizantes para hacer la vigilia, esperar el 15 de Julio y cantar el Feliz Cumplea\u00f1os en la misma cancha. La entidad espera cerrar el festejo [&hellip;]<\/p>\n","protected":false},"author":3,"featured_media":53547,"comment_status":"closed","ping_status":"closed","sticky":false,"template":"","format":"standard","meta":{"_joinchat":[],"footnotes":""},"categories":[31,53],"tags":[],"class_list":{"0":"post-53546","1":"post","2":"type-post","3":"status-publish","4":"format-standard","5":"has-post-thumbnail","7":"category-deportes","8":"category-vera"},"_links":{"self":[{"href":"https:\/\/infovera.com.ar\/web\/wp-json\/wp\/v2\/posts\/53546","targetHints":{"allow":["GET"]}}],"collection":[{"href":"https:\/\/infovera.com.ar\/web\/wp-json\/wp\/v2\/posts"}],"about":[{"href":"https:\/\/infovera.com.ar\/web\/wp-json\/wp\/v2\/types\/post"}],"author":[{"embeddable":true,"href":"https:\/\/infovera.com.ar\/web\/wp-json\/wp\/v2\/users\/3"}],"replies":[{"embeddable":true,"href":"https:\/\/infovera.com.ar\/web\/wp-json\/wp\/v2\/comments?post=53546"}],"version-history":[{"count":0,"href":"https:\/\/infovera.com.ar\/web\/wp-json\/wp\/v2\/posts\/53546\/revisions"}],"wp:featuredmedia":[{"embeddable":true,"href":"https:\/\/infovera.com.ar\/web\/wp-json\/wp\/v2\/media\/53547"}],"wp:attachment":[{"href":"https:\/\/infovera.com.ar\/web\/wp-json\/wp\/v2\/media?parent=53546"}],"wp:term":[{"taxonomy":"category","embeddable":true,"href":"https:\/\/infovera.com.ar\/web\/wp-json\/wp\/v2\/categories?post=53546"},{"taxonomy":"post_tag","embeddable":true,"href":"https:\/\/infovera.com.ar\/web\/wp-json\/wp\/v2\/tags?post=53546"}],"curies":[{"name":"wp","href":"https:\/\/api.w.org\/{rel}","templated":true}]}}