{"id":53443,"date":"2024-07-13T12:09:42","date_gmt":"2024-07-13T15:09:42","guid":{"rendered":"https:\/\/infovera.com.ar\/web\/?p=53443"},"modified":"2024-07-13T17:50:35","modified_gmt":"2024-07-13T20:50:35","slug":"un-conductor-de-vera-choco-con-un-camion-de-calchaqui","status":"publish","type":"post","link":"https:\/\/infovera.com.ar\/web\/2024\/07\/13\/un-conductor-de-vera-choco-con-un-camion-de-calchaqui\/","title":{"rendered":"Un conductor de Vera dio positivo de alcoholemia tras chocar con un cami\u00f3n de Calchaqu\u00ed"},"content":{"rendered":"<p>Siendo las 05:25 horas, personal de la Comisaria I UR IX, tom\u00f3 ntervenci\u00f3n en accidente de tr\u00e1nsito ocurrido Boulevard Hip\u00f3lito Yrigoyen y Pueyrred\u00f3n donde por causas que se tratan de establecer entran en colisi\u00f3n Cami\u00f3n Furg\u00f3n T\u00e9rmico marca Iveco, color blanco, conducido por Dami\u00e1n Brites Alem de 27 a\u00f1os, domiciliado en Calchaqu\u00ed, y autom\u00f3vil Renault Megane, color verde, conducido por C\u00e9sar Meza de 46 a\u00f1os, domiciliado en ciudad de Vera, quien iba acompa\u00f1ado por 5 mujeres de 28, 21, 19,18 y 16 a\u00f1os de edad.<\/p>\n<p>Meza dio positivo de alcholomia: 1,18 gr\/l.<\/p>\n<p>Iba acompa\u00f1ado por Pereyra Eva de 28 a\u00f1os, domiciliada en Barrio Bel\u00e9n, Rojaz Oriana, de 19 a\u00f1os,, domiciliada en Asentamiento Itat\u00ed, E.G, de 16 a\u00f1os,, domiciliada en Barrio Nuevo, Rojaz Florencia Ailen, de 21 a\u00f1os, domiciliada en Asentamiento Itat\u00ed,, y Taborda Lara Daiara, de 18 a\u00f1os, domiciliada en calle 56 N\u00b0 2986 Barrio Belgrano, DNI: 46.762.597, todas de.Reconquista.<\/p>\n<p>Como consecuencia de lo sucedido todos los ocupantes del autom\u00f3vil fueron trasladados hacia nosocomio local por ambulancia de emergencias 107 para su atenci\u00f3n. Se hacen presente Inspector de tr\u00e1nsito, quien realizo test de alcoholemia a los conductores. Personal de Bomberos realizaron labores requeridas. Personal de Cient\u00edfica R-IV realizo tareas inherentes a su funci\u00f3n.<\/p>\n","protected":false},"excerpt":{"rendered":"<p>Siendo las 05:25 horas, personal de la Comisaria I UR IX, tom\u00f3 ntervenci\u00f3n en accidente de tr\u00e1nsito ocurrido Boulevard Hip\u00f3lito Yrigoyen y Pueyrred\u00f3n donde por causas que se tratan de establecer entran en colisi\u00f3n Cami\u00f3n Furg\u00f3n T\u00e9rmico marca Iveco, color blanco, conducido por Dami\u00e1n Brites Alem de 27 a\u00f1os, domiciliado en Calchaqu\u00ed, y autom\u00f3vil Renault [&hellip;]<\/p>\n","protected":false},"author":3,"featured_media":0,"comment_status":"closed","ping_status":"closed","sticky":false,"template":"","format":"standard","meta":{"_joinchat":[],"footnotes":""},"categories":[30,61],"tags":[],"class_list":{"0":"post-53443","1":"post","2":"type-post","3":"status-publish","4":"format-standard","6":"category-policiales","7":"category-regionales"},"_links":{"self":[{"href":"https:\/\/infovera.com.ar\/web\/wp-json\/wp\/v2\/posts\/53443","targetHints":{"allow":["GET"]}}],"collection":[{"href":"https:\/\/infovera.com.ar\/web\/wp-json\/wp\/v2\/posts"}],"about":[{"href":"https:\/\/infovera.com.ar\/web\/wp-json\/wp\/v2\/types\/post"}],"author":[{"embeddable":true,"href":"https:\/\/infovera.com.ar\/web\/wp-json\/wp\/v2\/users\/3"}],"replies":[{"embeddable":true,"href":"https:\/\/infovera.com.ar\/web\/wp-json\/wp\/v2\/comments?post=53443"}],"version-history":[{"count":0,"href":"https:\/\/infovera.com.ar\/web\/wp-json\/wp\/v2\/posts\/53443\/revisions"}],"wp:attachment":[{"href":"https:\/\/infovera.com.ar\/web\/wp-json\/wp\/v2\/media?parent=53443"}],"wp:term":[{"taxonomy":"category","embeddable":true,"href":"https:\/\/infovera.com.ar\/web\/wp-json\/wp\/v2\/categories?post=53443"},{"taxonomy":"post_tag","embeddable":true,"href":"https:\/\/infovera.com.ar\/web\/wp-json\/wp\/v2\/tags?post=53443"}],"curies":[{"name":"wp","href":"https:\/\/api.w.org\/{rel}","templated":true}]}}