{"id":53422,"date":"2024-07-12T09:05:18","date_gmt":"2024-07-12T12:05:18","guid":{"rendered":"https:\/\/infovera.com.ar\/web\/?p=53422"},"modified":"2024-07-13T17:51:51","modified_gmt":"2024-07-13T20:51:51","slug":"fallecio-el-medico-policial-ivan-sacco","status":"publish","type":"post","link":"https:\/\/infovera.com.ar\/web\/2024\/07\/12\/fallecio-el-medico-policial-ivan-sacco\/","title":{"rendered":"Falleci\u00f3 el m\u00e9dico policial Iv\u00e1n Sacco"},"content":{"rendered":"<p>El profesional falleci\u00f3 hoy en Calchaqu\u00ed.<\/p>\n<p>Se desempe\u00f1\u00f3 en la fuerza de seguridad durante muchos a\u00f1os.<\/p>\n<p>Era oriundo de La Criolla. Estaba casaso con la Dra. Graciela Hetze.<\/p>\n<p>Q.E.P.D.<\/p>\n<p>Con profundo dolor se hace saber el fallecimiento del Jefe de Medicina Legal URXIX- Vera. Comisario (E.P) Dr. IVAN PABLO SACCO. Jefatura de URXIX Y PERSONAL ROGAMOS A DIOS POR SU ETERNO DESCANSO Y RESIGNACION Y CONSUELO A SU ESPOSA, HIJOS Y FAMILIA.<\/p>\n<p>Sus restos estan siendo velados en Empresa F\u00fanebre Santa Rita de Calchaqu\u00ed, en calle Santa Fe 411 y ser\u00e1n sepultados hoy 12 de Julio a las 16:30 en el Cementerio Municipal.<\/p>\n","protected":false},"excerpt":{"rendered":"<p>El profesional falleci\u00f3 hoy en Calchaqu\u00ed. Se desempe\u00f1\u00f3 en la fuerza de seguridad durante muchos a\u00f1os. Era oriundo de La Criolla. Estaba casaso con la Dra. Graciela Hetze. Q.E.P.D. Con profundo dolor se hace saber el fallecimiento del Jefe de Medicina Legal URXIX- Vera. Comisario (E.P) Dr. IVAN PABLO SACCO. Jefatura de URXIX Y PERSONAL [&hellip;]<\/p>\n","protected":false},"author":3,"featured_media":53428,"comment_status":"closed","ping_status":"closed","sticky":false,"template":"","format":"standard","meta":{"_joinchat":[],"footnotes":""},"categories":[52],"tags":[],"class_list":{"0":"post-53422","1":"post","2":"type-post","3":"status-publish","4":"format-standard","5":"has-post-thumbnail","7":"category-calchaqui"},"_links":{"self":[{"href":"https:\/\/infovera.com.ar\/web\/wp-json\/wp\/v2\/posts\/53422","targetHints":{"allow":["GET"]}}],"collection":[{"href":"https:\/\/infovera.com.ar\/web\/wp-json\/wp\/v2\/posts"}],"about":[{"href":"https:\/\/infovera.com.ar\/web\/wp-json\/wp\/v2\/types\/post"}],"author":[{"embeddable":true,"href":"https:\/\/infovera.com.ar\/web\/wp-json\/wp\/v2\/users\/3"}],"replies":[{"embeddable":true,"href":"https:\/\/infovera.com.ar\/web\/wp-json\/wp\/v2\/comments?post=53422"}],"version-history":[{"count":0,"href":"https:\/\/infovera.com.ar\/web\/wp-json\/wp\/v2\/posts\/53422\/revisions"}],"wp:featuredmedia":[{"embeddable":true,"href":"https:\/\/infovera.com.ar\/web\/wp-json\/wp\/v2\/media\/53428"}],"wp:attachment":[{"href":"https:\/\/infovera.com.ar\/web\/wp-json\/wp\/v2\/media?parent=53422"}],"wp:term":[{"taxonomy":"category","embeddable":true,"href":"https:\/\/infovera.com.ar\/web\/wp-json\/wp\/v2\/categories?post=53422"},{"taxonomy":"post_tag","embeddable":true,"href":"https:\/\/infovera.com.ar\/web\/wp-json\/wp\/v2\/tags?post=53422"}],"curies":[{"name":"wp","href":"https:\/\/api.w.org\/{rel}","templated":true}]}}