{"id":53411,"date":"2024-07-11T13:03:40","date_gmt":"2024-07-11T16:03:40","guid":{"rendered":"https:\/\/infovera.com.ar\/web\/?p=53411"},"modified":"2024-07-12T09:06:13","modified_gmt":"2024-07-12T12:06:13","slug":"se-activa-la-nina-el-fenomeno-climatico-temido-por-las-producciones-rurales-nortenas","status":"publish","type":"post","link":"https:\/\/infovera.com.ar\/web\/2024\/07\/11\/se-activa-la-nina-el-fenomeno-climatico-temido-por-las-producciones-rurales-nortenas\/","title":{"rendered":"Se activ\u00f3 &#8220;La Ni\u00f1a&#8221;, el fen\u00f3meno clim\u00e1tico tan temido por las producciones rurales norte\u00f1as"},"content":{"rendered":"<p>En los pr\u00f3ximos meses predominar\u00e1 este evento caracterizado por el d\u00e9ficit de lluvias. Se espera que las precipitaciones tiendan a mantener acumulados medios por debajo de los normales en general. Desde agosto, los valores t\u00e9rmicos estar\u00e1n por encima de la media hist\u00f3rica.<\/p>\n<p>Un informe semestral del Centro de Monitoreo Meteor\u00f3logico y Clim\u00e1tico detall\u00f3 las perspectivas clim\u00e1ticas para el resto del a\u00f1o, per\u00edodo en el cual predominar\u00e1 el fen\u00f3meno \u201cLa Ni\u00f1a\u201d.<\/p>\n<p>La situaci\u00f3n en junio se present\u00f3 dentro de lo previsto en el centro y norte provincial, mientras que el sur no recibi\u00f3 las precipitaciones marcadas por los modelos. El d\u00e9ficit de lluvias fue generalizado en toda la provincia. \u201cTomando como referencia la capital provincial, el acumulado mensual fue el menor en los \u00faltimos 12 a\u00f1os. La cantidad de d\u00edas con precipitaciones tambi\u00e9n fue baja, con solamente 2 d\u00edas\u201d, compar\u00f3, primeramente, el trabajo sobre el clima.<\/p>\n<p>En cuanto a las temperaturas, la situaci\u00f3n se cumpli\u00f3 como estaba previsto,<br \/>\nregistrando temperaturas medias para junio 2024 que fueron entre 1,5 y 2,0\u00b0 por encima de la media de los \u00faltimos 12 a\u00f1os. \u201cEsto se produjo a pesar del fuerte descenso de los valores t\u00e9rmicos a final del mes, registrando heladas el 29 y 30 de junio\u201d, consign\u00f3 el memo.<\/p>\n<p><strong>A futuro<\/strong><\/p>\n<p>El cuadro hacia adelante muestra que las precipitaciones para el mes de julio presentan con un marcado d\u00e9ficit en los acumulados. Este d\u00e9ficit se extender\u00e1 durante el mes en curso, al menos hasta la \u00faltima semana pr\u00e1cticamente no ocurrir\u00edan precipitaciones en el territorio provincial.<\/p>\n<p>Posteriormente, los modelos a largo plazo indican que julio terminar\u00eda con carencia de precipitaciones y temperaturas por debajo de las medias hist\u00f3ricas. Para los meses siguientes, el an\u00e1lisis de la secuencia de im\u00e1genes de anomal\u00eda de temperatura de los oc\u00e9anos, indica que el Oc\u00e9ano Pac\u00edfico ecuatorial contin\u00faa relativamente fr\u00edo, aunque con una muy suave tendencia a aumentar su temperatura hacia el final del a\u00f1o en curso.<\/p>\n<p>Mientras tanto, el Atl\u00e1ntico en la zona del Anticicl\u00f3n Santa Elena frente a las<br \/>\ncostas de Uruguay y sur de Brasil se mantendr\u00e1 con temperaturas fr\u00edas hasta el comienzo del nuevo a\u00f1o. &#8220;Sin embargo, algunas variaciones de su temperatura podr\u00eda inyectar aire h\u00famedo por el sur de Brasil, produciendo precipitaciones<br \/>\npuntuales m\u00e1s abundantes&#8221;, consta en lo informado por el CMMC.<\/p>\n<p>Teniendo en cuenta todo esto, y las im\u00e1genes de anomal\u00eda de precipitaciones para los pr\u00f3ximos meses, se espera que las precipitaciones tiendan a mantener acumulados medios por debajo de los normales en general y que, con esto, los niveles del r\u00edo Paran\u00e1 se mantendr\u00edan en valores bajos para el resto del a\u00f1o. Solo la ocurrencia de precipitaciones puntualmente abundantes en forma localizada en la cuenca alta podr\u00eda producir elevaciones temporarias del nivel del r\u00edo.<\/p>\n<p>Desde agosto se esperan valores t\u00e9rmicos por encima de la media hist\u00f3rica para todos los meses. \u201cTodo esto se condice con una fase \u2018Ni\u00f1a\u2019 del fen\u00f3meno ENSO ya activa en toda la regi\u00f3n. Dicho fen\u00f3meno se extender\u00e1 durante la primavera y posiblemente el verano pr\u00f3ximo\u201d, concluye el documento.<\/p>\n<p><strong>ENSO<\/strong><\/p>\n<p>Un evento ENSO es una interacci\u00f3n global oc\u00e9ano &#8211; atm\u00f3sfera que se produce por las variaciones de los vientos ecuatoriales que provocan cambios t\u00e9rmicos en la superficie del Oc\u00e9ano y en su circulaci\u00f3n, afectando el calentamiento de la atm\u00f3sfera tropical y consecuentemente la circulaci\u00f3n atmosf\u00e9rica global. Ocurre cada 3 a 7 a\u00f1os (5 a\u00f1os en promedio) y generalmente dura de nueve meses a dos a\u00f1os. Est\u00e1 asociado con inundaciones, sequ\u00edas y otras perturbaciones globales.<\/p>\n<p><strong>Foto: Luisa Davies, de Romang.<\/strong><\/p>\n","protected":false},"excerpt":{"rendered":"<p>En los pr\u00f3ximos meses predominar\u00e1 este evento caracterizado por el d\u00e9ficit de lluvias. Se espera que las precipitaciones tiendan a mantener acumulados medios por debajo de los normales en general. Desde agosto, los valores t\u00e9rmicos estar\u00e1n por encima de la media hist\u00f3rica. Un informe semestral del Centro de Monitoreo Meteor\u00f3logico y Clim\u00e1tico detall\u00f3 las perspectivas [&hellip;]<\/p>\n","protected":false},"author":3,"featured_media":53412,"comment_status":"closed","ping_status":"closed","sticky":false,"template":"","format":"standard","meta":{"_joinchat":[],"footnotes":""},"categories":[60],"tags":[],"class_list":{"0":"post-53411","1":"post","2":"type-post","3":"status-publish","4":"format-standard","5":"has-post-thumbnail","7":"category-provinciales"},"_links":{"self":[{"href":"https:\/\/infovera.com.ar\/web\/wp-json\/wp\/v2\/posts\/53411","targetHints":{"allow":["GET"]}}],"collection":[{"href":"https:\/\/infovera.com.ar\/web\/wp-json\/wp\/v2\/posts"}],"about":[{"href":"https:\/\/infovera.com.ar\/web\/wp-json\/wp\/v2\/types\/post"}],"author":[{"embeddable":true,"href":"https:\/\/infovera.com.ar\/web\/wp-json\/wp\/v2\/users\/3"}],"replies":[{"embeddable":true,"href":"https:\/\/infovera.com.ar\/web\/wp-json\/wp\/v2\/comments?post=53411"}],"version-history":[{"count":0,"href":"https:\/\/infovera.com.ar\/web\/wp-json\/wp\/v2\/posts\/53411\/revisions"}],"wp:featuredmedia":[{"embeddable":true,"href":"https:\/\/infovera.com.ar\/web\/wp-json\/wp\/v2\/media\/53412"}],"wp:attachment":[{"href":"https:\/\/infovera.com.ar\/web\/wp-json\/wp\/v2\/media?parent=53411"}],"wp:term":[{"taxonomy":"category","embeddable":true,"href":"https:\/\/infovera.com.ar\/web\/wp-json\/wp\/v2\/categories?post=53411"},{"taxonomy":"post_tag","embeddable":true,"href":"https:\/\/infovera.com.ar\/web\/wp-json\/wp\/v2\/tags?post=53411"}],"curies":[{"name":"wp","href":"https:\/\/api.w.org\/{rel}","templated":true}]}}