{"id":53337,"date":"2024-07-07T11:44:27","date_gmt":"2024-07-07T14:44:27","guid":{"rendered":"https:\/\/infovera.com.ar\/web\/?p=53337"},"modified":"2024-07-07T11:48:52","modified_gmt":"2024-07-07T14:48:52","slug":"impactante-accidente-en-los-laureles-una-madre-y-su-hija-pelean-por-su-vida","status":"publish","type":"post","link":"https:\/\/infovera.com.ar\/web\/2024\/07\/07\/impactante-accidente-en-los-laureles-una-madre-y-su-hija-pelean-por-su-vida\/","title":{"rendered":"Impactante accidente en Los Laureles: una madre y su hija fueron ingresadas a cirug\u00eda en el HCR"},"content":{"rendered":"<p>Personal de la Subcomisar\u00eda II tom\u00f3 intervenci\u00f3n en accidente de tr\u00e1nsito ocurrido en Ruta Provincial N\u00b01 (entre la localidad de Las Palmas y Los Laureles), donde por causas que se tratan de establecer entraron en colisi\u00f3n autom\u00f3vil Renault Clio conducido por Mario Silva, con domicilio en la localidad de Los Laureles y un autom\u00f3vil Toyota Yaris conducido por Daniel Agustini, quien quien ib acompa\u00f1ado por una mujer y dos ni\u00f1as.<\/p>\n<p>Como consecuencia de lo sucedido conductor del Clio fue trasladado al Hospital de Romang para su atenci\u00f3n, \u00e9ste se encuentra en calidad de aprehendido,l.<\/p>\n<p>Dio positivo de alcholomia.<\/p>\n<p>Las menores y la mujer fueron trasladadas al Hospital de la ciudad de Reconquista.<\/p>\n<p>Una de las ni\u00f1as y su madre se encuentran en cirug\u00eda. Se hace constar que se les practic\u00f2 test de alcoholemia a ambos conductores.<\/p>\n","protected":false},"excerpt":{"rendered":"<p>Personal de la Subcomisar\u00eda II tom\u00f3 intervenci\u00f3n en accidente de tr\u00e1nsito ocurrido en Ruta Provincial N\u00b01 (entre la localidad de Las Palmas y Los Laureles), donde por causas que se tratan de establecer entraron en colisi\u00f3n autom\u00f3vil Renault Clio conducido por Mario Silva, con domicilio en la localidad de Los Laureles y un autom\u00f3vil Toyota [&hellip;]<\/p>\n","protected":false},"author":3,"featured_media":53338,"comment_status":"closed","ping_status":"closed","sticky":false,"template":"","format":"standard","meta":{"_joinchat":[],"footnotes":""},"categories":[30,61],"tags":[],"class_list":{"0":"post-53337","1":"post","2":"type-post","3":"status-publish","4":"format-standard","5":"has-post-thumbnail","7":"category-policiales","8":"category-regionales"},"_links":{"self":[{"href":"https:\/\/infovera.com.ar\/web\/wp-json\/wp\/v2\/posts\/53337","targetHints":{"allow":["GET"]}}],"collection":[{"href":"https:\/\/infovera.com.ar\/web\/wp-json\/wp\/v2\/posts"}],"about":[{"href":"https:\/\/infovera.com.ar\/web\/wp-json\/wp\/v2\/types\/post"}],"author":[{"embeddable":true,"href":"https:\/\/infovera.com.ar\/web\/wp-json\/wp\/v2\/users\/3"}],"replies":[{"embeddable":true,"href":"https:\/\/infovera.com.ar\/web\/wp-json\/wp\/v2\/comments?post=53337"}],"version-history":[{"count":0,"href":"https:\/\/infovera.com.ar\/web\/wp-json\/wp\/v2\/posts\/53337\/revisions"}],"wp:featuredmedia":[{"embeddable":true,"href":"https:\/\/infovera.com.ar\/web\/wp-json\/wp\/v2\/media\/53338"}],"wp:attachment":[{"href":"https:\/\/infovera.com.ar\/web\/wp-json\/wp\/v2\/media?parent=53337"}],"wp:term":[{"taxonomy":"category","embeddable":true,"href":"https:\/\/infovera.com.ar\/web\/wp-json\/wp\/v2\/categories?post=53337"},{"taxonomy":"post_tag","embeddable":true,"href":"https:\/\/infovera.com.ar\/web\/wp-json\/wp\/v2\/tags?post=53337"}],"curies":[{"name":"wp","href":"https:\/\/api.w.org\/{rel}","templated":true}]}}