{"id":53302,"date":"2024-07-06T16:30:16","date_gmt":"2024-07-06T19:30:16","guid":{"rendered":"https:\/\/infovera.com.ar\/web\/?p=53302"},"modified":"2024-07-06T16:30:16","modified_gmt":"2024-07-06T19:30:16","slug":"cococcioni-evaluo-la-operatividad-policial-en-las-calles-y-prometio-mas-fiscales-para-el-norte","status":"publish","type":"post","link":"https:\/\/infovera.com.ar\/web\/2024\/07\/06\/cococcioni-evaluo-la-operatividad-policial-en-las-calles-y-prometio-mas-fiscales-para-el-norte\/","title":{"rendered":"Cococcioni evalu\u00f3 la operatividad policial en las calles y prometi\u00f3 m\u00e1s fiscales para el norte"},"content":{"rendered":"<p>\u201cNos reunimos con autoridades provinciales, municipales y policiales en Reconquista y San Javier para evaluar la operatividad policial en las calles, entre otros temas prioritarios para la seguridad\u201d, indic\u00f3 Pablo Cococcioni, ministro de Justicia y Seguridad de la Provincia.<\/p>\n<p>El ministro de Justicia y Seguridad de la provincia de Santa Fe, Pablo Coccocioni, visit\u00f3 el departamento General Obligado junto con el ministro de Trabajo, Roald B\u00e1scolo; el senador provincial Orfio Marc\u00f3n; el intendente de Reconquista, Amadeo Vallejos; la secretaria de Gesti\u00f3n Institucional del Ministerio de Justicia y Seguridad, Virginia Coudannes y funcionarios de la secretar\u00eda de Seguridad P\u00fablica y de la Unidad Regional IX.<\/p>\n<p>Durante la recorrida, los funcionarios se reunieron con el Jefe de la Unidad Regional IX &#8211; Dpto. Gral. Obligado, que present\u00f3 un informe de rendici\u00f3n de los recursos humanos y log\u00edsticos, como as\u00ed tambi\u00e9n de la planificaci\u00f3n operativa para los pr\u00f3ximos meses. En este sentido, Cococcioni expres\u00f3 que \u201cvinimos con una agenda de reuniones para evaluar la operatividad policial en calle, y a confirmar que dentro de muy poco estaremos entregando nuevos patrulleros para las principales ciudades del departamento, con el fin de seguir optimizando la presencia preventiva en calle\u201d.<\/p>\n<p>\u201cEn t\u00e9rminos generales ac\u00e1 se observa, al igual que en toda la provincia, una clara disminuci\u00f3n de los principales indicadores de delito y violencia. Santa Fe est\u00e1 cerrando un semestre con pr\u00e1cticamente la mitad de los homicidios que hab\u00eda en el mismo per\u00edodo del a\u00f1o anterior\u201d, marc\u00f3, y detall\u00f3 que en este departamento hubo en promedio un homicidio cada 60 d\u00edas\u201d.<\/p>\n<p>Centros de Denuncia<\/p>\n<p>Al respeto de la cantidad de delitos y de denuncias, el funcionario pidi\u00f3 a la ciudadan\u00eda que se acerque a denunciar: \u201cHay dos centros de denuncia en el departamento y pr\u00f3ximamente se abrir\u00e1 un tercero; y si sale todo bien, terminaremos la gesti\u00f3n con cuatro centros de denuncia atendidos por abogados matriculados, para as\u00ed liberar a la polic\u00eda de lo que es un trabajo esencialmente administrativo. El problema del delito predatorio y contra la propiedad se puede atacar desde muchas maneras, una de ellas es sin duda el despliegue policial en calle, y nosotros lo que vemos es que los recursos est\u00e1n pero hay que concentrarlos en poner la polic\u00eda en la calle y no en funciones que son ajenas a su misi\u00f3n fundamental. Para nosotros lo primordial es reforzar la presencia policial preventiva en las calles\u201d, continu\u00f3.<\/p>\n<p>Visita a San Javier<\/p>\n<p>Luego, el ministro y las autoridades fueron a la localidad de San Javier para reunirse con la intendenta de San Javier, Maribel Gonz\u00e1lez, y el jefe de la Unidad Regional con el fin de evaluar como vienen los \u00edndices delictivos en la regi\u00f3n.<\/p>\n<p>\u201cLa verdad es que la agenda de temas ha sido ampl\u00edsima, desde la puesta en marcha nuevamente del plan v\u00ednculos a nivel provincial, para subsidiar y financiar las iniciativas de los gobiernos locales, para fortalecer la prevenci\u00f3n del delito y para evaluar, en conjunto, el despliegue de policial preventivo. Hemos tenido una muy buena reuni\u00f3n y nos llevamos un panorama y una lista de tareas bastante amplia para poder ir dando respuesta en los meses venideros a los gobiernos provinciales, de acuerdo a las necesidades en seguridad p\u00fablica de cada sector\u201d, expres\u00f3 Cococcioni.<\/p>\n<p>Nombramiento de fiscales<\/p>\n<p>En el transcurso de la reuni\u00f3n, el ministro de Justicia y Seguridad tambi\u00e9n fue consultado respecto de la falta de fiscales en la regi\u00f3n, a lo que el funcionario indic\u00f3 que \u201cde nuestra parte hay una deuda pendiente muy importante de dotar a la fiscalidad de los recursos que necesiten para tener fiscales en cantidad suficiente en todos los Departamentos de la provincia de Santa Fe, para que puedan conformar sus unidades fiscales de acuerdo a las demandas ciudadanas, y poder realmente cubrir de manera satisfactoria a todas las audiencias y a todo el trabajo investigativo\u201d.<\/p>\n<p>\u201cNosotros estimamos que en muy pocos meses a la Fiscal\u00eda de la provincia de Santa Fe no le va a faltar ni un cargo de fiscal, y por supuesto eso nos va a permitir, al igual que hacemos con la polic\u00eda, brindarles los recursos para poder exigirles mejores resultados y mayor celeridad en su trabajo\u201d, finaliz\u00f3 el ministro.<\/p>\n","protected":false},"excerpt":{"rendered":"<p>\u201cNos reunimos con autoridades provinciales, municipales y policiales en Reconquista y San Javier para evaluar la operatividad policial en las calles, entre otros temas prioritarios para la seguridad\u201d, indic\u00f3 Pablo Cococcioni, ministro de Justicia y Seguridad de la Provincia. El ministro de Justicia y Seguridad de la provincia de Santa Fe, Pablo Coccocioni, visit\u00f3 el [&hellip;]<\/p>\n","protected":false},"author":3,"featured_media":53303,"comment_status":"closed","ping_status":"closed","sticky":false,"template":"","format":"standard","meta":{"_joinchat":[],"footnotes":""},"categories":[61],"tags":[],"class_list":{"0":"post-53302","1":"post","2":"type-post","3":"status-publish","4":"format-standard","5":"has-post-thumbnail","7":"category-regionales"},"_links":{"self":[{"href":"https:\/\/infovera.com.ar\/web\/wp-json\/wp\/v2\/posts\/53302","targetHints":{"allow":["GET"]}}],"collection":[{"href":"https:\/\/infovera.com.ar\/web\/wp-json\/wp\/v2\/posts"}],"about":[{"href":"https:\/\/infovera.com.ar\/web\/wp-json\/wp\/v2\/types\/post"}],"author":[{"embeddable":true,"href":"https:\/\/infovera.com.ar\/web\/wp-json\/wp\/v2\/users\/3"}],"replies":[{"embeddable":true,"href":"https:\/\/infovera.com.ar\/web\/wp-json\/wp\/v2\/comments?post=53302"}],"version-history":[{"count":0,"href":"https:\/\/infovera.com.ar\/web\/wp-json\/wp\/v2\/posts\/53302\/revisions"}],"wp:featuredmedia":[{"embeddable":true,"href":"https:\/\/infovera.com.ar\/web\/wp-json\/wp\/v2\/media\/53303"}],"wp:attachment":[{"href":"https:\/\/infovera.com.ar\/web\/wp-json\/wp\/v2\/media?parent=53302"}],"wp:term":[{"taxonomy":"category","embeddable":true,"href":"https:\/\/infovera.com.ar\/web\/wp-json\/wp\/v2\/categories?post=53302"},{"taxonomy":"post_tag","embeddable":true,"href":"https:\/\/infovera.com.ar\/web\/wp-json\/wp\/v2\/tags?post=53302"}],"curies":[{"name":"wp","href":"https:\/\/api.w.org\/{rel}","templated":true}]}}