{"id":53297,"date":"2024-07-06T13:17:02","date_gmt":"2024-07-06T16:17:02","guid":{"rendered":"https:\/\/infovera.com.ar\/web\/?p=53297"},"modified":"2024-07-06T21:00:09","modified_gmt":"2024-07-07T00:00:09","slug":"encontrarnos-aventuras-en-vacaciones","status":"publish","type":"post","link":"https:\/\/infovera.com.ar\/web\/2024\/07\/06\/encontrarnos-aventuras-en-vacaciones\/","title":{"rendered":"EncontrarNOS &#8220;Aventuras en Vacaciones&#8221;"},"content":{"rendered":"<p>La Municipalidad de Vera va a realizar diferentes actividades para los ni\u00f1os y las familias durante las vacaciones de invierno en los distintos barrios de la ciudad y tambi\u00e9n en los pueblos y parajes del distrito.<\/p>\n<p>Mir\u00e1 qu\u00e9 d\u00edas la actividad va estar en cada barrio:<\/p>\n<p><a href=\"https:\/\/infovera.com.ar\/web\/wp-content\/uploads\/2024\/07\/en2.jpg\"><img loading=\"lazy\" decoding=\"async\" class=\"alignleft size-full wp-image-53300\" src=\"https:\/\/infovera.com.ar\/web\/wp-content\/uploads\/2024\/07\/en2.jpg\" alt=\"\" width=\"1440\" height=\"1763\" srcset=\"https:\/\/infovera.com.ar\/web\/wp-content\/uploads\/2024\/07\/en2.jpg 1440w, https:\/\/infovera.com.ar\/web\/wp-content\/uploads\/2024\/07\/en2-696x852.jpg 696w, https:\/\/infovera.com.ar\/web\/wp-content\/uploads\/2024\/07\/en2-1068x1308.jpg 1068w, https:\/\/infovera.com.ar\/web\/wp-content\/uploads\/2024\/07\/en2-343x420.jpg 343w\" sizes=\"auto, (max-width: 1440px) 100vw, 1440px\" \/><\/a><\/p>\n<p><a href=\"https:\/\/infovera.com.ar\/web\/wp-content\/uploads\/2024\/07\/en1.jpg\"><img loading=\"lazy\" decoding=\"async\" class=\"alignleft size-full wp-image-53299\" src=\"https:\/\/infovera.com.ar\/web\/wp-content\/uploads\/2024\/07\/en1.jpg\" alt=\"\" width=\"1440\" height=\"1763\" srcset=\"https:\/\/infovera.com.ar\/web\/wp-content\/uploads\/2024\/07\/en1.jpg 1440w, https:\/\/infovera.com.ar\/web\/wp-content\/uploads\/2024\/07\/en1-696x852.jpg 696w, https:\/\/infovera.com.ar\/web\/wp-content\/uploads\/2024\/07\/en1-1068x1308.jpg 1068w, https:\/\/infovera.com.ar\/web\/wp-content\/uploads\/2024\/07\/en1-343x420.jpg 343w\" sizes=\"auto, (max-width: 1440px) 100vw, 1440px\" \/><\/a><\/p>\n","protected":false},"excerpt":{"rendered":"<p>La Municipalidad de Vera va a realizar diferentes actividades para los ni\u00f1os y las familias durante las vacaciones de invierno en los distintos barrios de la ciudad y tambi\u00e9n en los pueblos y parajes del distrito. Mir\u00e1 qu\u00e9 d\u00edas la actividad va estar en cada barrio:<\/p>\n","protected":false},"author":3,"featured_media":53298,"comment_status":"closed","ping_status":"closed","sticky":false,"template":"","format":"standard","meta":{"_joinchat":[],"footnotes":""},"categories":[53],"tags":[],"class_list":{"0":"post-53297","1":"post","2":"type-post","3":"status-publish","4":"format-standard","5":"has-post-thumbnail","7":"category-vera"},"_links":{"self":[{"href":"https:\/\/infovera.com.ar\/web\/wp-json\/wp\/v2\/posts\/53297","targetHints":{"allow":["GET"]}}],"collection":[{"href":"https:\/\/infovera.com.ar\/web\/wp-json\/wp\/v2\/posts"}],"about":[{"href":"https:\/\/infovera.com.ar\/web\/wp-json\/wp\/v2\/types\/post"}],"author":[{"embeddable":true,"href":"https:\/\/infovera.com.ar\/web\/wp-json\/wp\/v2\/users\/3"}],"replies":[{"embeddable":true,"href":"https:\/\/infovera.com.ar\/web\/wp-json\/wp\/v2\/comments?post=53297"}],"version-history":[{"count":0,"href":"https:\/\/infovera.com.ar\/web\/wp-json\/wp\/v2\/posts\/53297\/revisions"}],"wp:featuredmedia":[{"embeddable":true,"href":"https:\/\/infovera.com.ar\/web\/wp-json\/wp\/v2\/media\/53298"}],"wp:attachment":[{"href":"https:\/\/infovera.com.ar\/web\/wp-json\/wp\/v2\/media?parent=53297"}],"wp:term":[{"taxonomy":"category","embeddable":true,"href":"https:\/\/infovera.com.ar\/web\/wp-json\/wp\/v2\/categories?post=53297"},{"taxonomy":"post_tag","embeddable":true,"href":"https:\/\/infovera.com.ar\/web\/wp-json\/wp\/v2\/tags?post=53297"}],"curies":[{"name":"wp","href":"https:\/\/api.w.org\/{rel}","templated":true}]}}