{"id":53294,"date":"2024-07-06T12:56:02","date_gmt":"2024-07-06T15:56:02","guid":{"rendered":"https:\/\/infovera.com.ar\/web\/?p=53294"},"modified":"2024-07-07T10:42:26","modified_gmt":"2024-07-07T13:42:26","slug":"buscan-a-un-soldado-voluntario-de-la-iii-brigada-aerea-que-no-volvio-a-su-hogar","status":"publish","type":"post","link":"https:\/\/infovera.com.ar\/web\/2024\/07\/06\/buscan-a-un-soldado-voluntario-de-la-iii-brigada-aerea-que-no-volvio-a-su-hogar\/","title":{"rendered":"Buscan a un soldado voluntario de la III Brigada A\u00e9rea que no volvi\u00f3 a su hogar"},"content":{"rendered":"<p>En la jornada del viernes, Sandra Natalia Coronel radic\u00f3 una denuncia por pedido de paradero en una comisar\u00eda de Reconquista.<\/p>\n<p>La mujer de 39 a\u00f1os, oriunda de Las Garzas, pueblo ubicado 40 kil\u00f3metros al norte de Reconquista, dio cuenta en la sede policial norte\u00f1a que su hijo sali\u00f3 de su casa el martes 2 y, que desde ese d\u00eda, no tuvo novedades de su destino.<\/p>\n<p>Se trata de Hern\u00e1n Mat\u00edas Sosa, de 20 a\u00f1os, que presta servicios como soldado voluntario en la Tercera Brigada A\u00e9rea.<\/p>\n<p>De acuerdo al relato de Coronel, cerca de las 19:45 del d\u00eda mencionado el joven parti\u00f3 a pie hacia la garita ubicada en la Ruta 11 para tomar el colectivo que lo llevara a Reconquista, donde vive y alquila un departamento en el barrio Belgrano.<\/p>\n<p>Adujo adem\u00e1s que el \u00faltimo contacto que mantuvo con su hijo fue ese mismo martes, a las 20:12, minutos despu\u00e9s de que se fuera de su vivienda, mediante mensaje de WhatsApp en el que le prometi\u00f3 que el s\u00e1bado regresar\u00eda y le pidi\u00f3 que le realizara una transferencia de $ 40.000, dinero que fue transferido por esta vecina de profesi\u00f3n ama de casa.<\/p>\n<p>Sin tener m\u00e1s noticias luego de ese contacto por chat, el viernes viaj\u00f3 a Reconquista y se dirigi\u00f3 al domicilio de su hijo y al lugar de trabajo, pero no consigui\u00f3 tener noticias que atemperen su angustia y preocupaci\u00f3n.<\/p>\n<p>De ah\u00ed m\u00e1s se aperson\u00f3 en la polic\u00eda, que tom\u00f3 intervenci\u00f3n en el caso y acudi\u00f3 a la morada del soldado y a su lugar de trabajo con la misma suerte magra que hab\u00eda tenido su madre.<\/p>\n<p>&nbsp;<\/p>\n","protected":false},"excerpt":{"rendered":"<p>En la jornada del viernes, Sandra Natalia Coronel radic\u00f3 una denuncia por pedido de paradero en una comisar\u00eda de Reconquista. La mujer de 39 a\u00f1os, oriunda de Las Garzas, pueblo ubicado 40 kil\u00f3metros al norte de Reconquista, dio cuenta en la sede policial norte\u00f1a que su hijo sali\u00f3 de su casa el martes 2 y, [&hellip;]<\/p>\n","protected":false},"author":3,"featured_media":53295,"comment_status":"closed","ping_status":"closed","sticky":false,"template":"","format":"standard","meta":{"_joinchat":[],"footnotes":""},"categories":[30,55,61],"tags":[],"class_list":{"0":"post-53294","1":"post","2":"type-post","3":"status-publish","4":"format-standard","5":"has-post-thumbnail","7":"category-policiales","8":"category-reconquista","9":"category-regionales"},"_links":{"self":[{"href":"https:\/\/infovera.com.ar\/web\/wp-json\/wp\/v2\/posts\/53294","targetHints":{"allow":["GET"]}}],"collection":[{"href":"https:\/\/infovera.com.ar\/web\/wp-json\/wp\/v2\/posts"}],"about":[{"href":"https:\/\/infovera.com.ar\/web\/wp-json\/wp\/v2\/types\/post"}],"author":[{"embeddable":true,"href":"https:\/\/infovera.com.ar\/web\/wp-json\/wp\/v2\/users\/3"}],"replies":[{"embeddable":true,"href":"https:\/\/infovera.com.ar\/web\/wp-json\/wp\/v2\/comments?post=53294"}],"version-history":[{"count":0,"href":"https:\/\/infovera.com.ar\/web\/wp-json\/wp\/v2\/posts\/53294\/revisions"}],"wp:featuredmedia":[{"embeddable":true,"href":"https:\/\/infovera.com.ar\/web\/wp-json\/wp\/v2\/media\/53295"}],"wp:attachment":[{"href":"https:\/\/infovera.com.ar\/web\/wp-json\/wp\/v2\/media?parent=53294"}],"wp:term":[{"taxonomy":"category","embeddable":true,"href":"https:\/\/infovera.com.ar\/web\/wp-json\/wp\/v2\/categories?post=53294"},{"taxonomy":"post_tag","embeddable":true,"href":"https:\/\/infovera.com.ar\/web\/wp-json\/wp\/v2\/tags?post=53294"}],"curies":[{"name":"wp","href":"https:\/\/api.w.org\/{rel}","templated":true}]}}