{"id":53283,"date":"2024-07-05T13:33:59","date_gmt":"2024-07-05T16:33:59","guid":{"rendered":"https:\/\/infovera.com.ar\/web\/?p=53283"},"modified":"2024-07-05T13:33:59","modified_gmt":"2024-07-05T16:33:59","slug":"rojas-estamos-cumpliendo-nuestro-compromiso-de-poner-a-la-ruta-83s-en-agenda","status":"publish","type":"post","link":"https:\/\/infovera.com.ar\/web\/2024\/07\/05\/rojas-estamos-cumpliendo-nuestro-compromiso-de-poner-a-la-ruta-83s-en-agenda\/","title":{"rendered":"Rojas: \u201cEstamos cumpliendo nuestro compromiso de poner a la Ruta 83s en agenda\u201d"},"content":{"rendered":"<p>La C\u00e1mara de Diputados aprob\u00f3 el jueves un proyecto de Chiqui Rojas para que se incluya, en el pr\u00f3ximo plan de obras de la provincia, el mantenimiento y mejorado de la ruta 83s, y se contemple su posterior pavimentaci\u00f3n.<\/p>\n<p>Rojas expres\u00f3 que \u201ceste es un primer paso, muy importante, para comenzar a pensar en la pavimentaci\u00f3n de la ruta 83s. As\u00ed como alguna vez imaginamos la ruta 3, que esperamos se finalice pronto, hoy nos toca sentar las bases para hacerlo con la 83s, la segunda ruta m\u00e1s extensa del departamento Vera, cubriendo cerca de 120 km.\u201d<\/p>\n<p>\u201cEsta obra es fundamental para el desarrollo del interior del departamento, tanto para mejorar la calidad de vida de los casi 10 mil habitantes que viven y dependen de la 83s, como para generar m\u00e1s y mejores oportunidades, potenciando las econom\u00edas regionales y las actividades productivas, y fomentando el arraigo.<\/p>\n<p>Desde que asumimos tomamos el compromiso de poner la ruta 83s en agenda, manteniendo diferentes reuniones y presentando el proyecto que hoy fue aprobado. Hemos encontrando muy buena recepci\u00f3n por parte del ministro de Obras P\u00fablicas, Lisandro Enrico, y de Pablo Seghezzo, Administrador General de Vialidad Provincial. A\u00fan comprendiendo las dificultades que se plantean sobre todo por contexto econ\u00f3mico, hay voluntad de avanzar, en un primer momento con el mantenimiento general de la ruta, y luego con un plan de pavimentaci\u00f3n.\u201d<\/p>\n","protected":false},"excerpt":{"rendered":"<p>La C\u00e1mara de Diputados aprob\u00f3 el jueves un proyecto de Chiqui Rojas para que se incluya, en el pr\u00f3ximo plan de obras de la provincia, el mantenimiento y mejorado de la ruta 83s, y se contemple su posterior pavimentaci\u00f3n. Rojas expres\u00f3 que \u201ceste es un primer paso, muy importante, para comenzar a pensar en la [&hellip;]<\/p>\n","protected":false},"author":3,"featured_media":53284,"comment_status":"closed","ping_status":"closed","sticky":false,"template":"","format":"standard","meta":{"_joinchat":[],"footnotes":""},"categories":[53],"tags":[],"class_list":{"0":"post-53283","1":"post","2":"type-post","3":"status-publish","4":"format-standard","5":"has-post-thumbnail","7":"category-vera"},"_links":{"self":[{"href":"https:\/\/infovera.com.ar\/web\/wp-json\/wp\/v2\/posts\/53283","targetHints":{"allow":["GET"]}}],"collection":[{"href":"https:\/\/infovera.com.ar\/web\/wp-json\/wp\/v2\/posts"}],"about":[{"href":"https:\/\/infovera.com.ar\/web\/wp-json\/wp\/v2\/types\/post"}],"author":[{"embeddable":true,"href":"https:\/\/infovera.com.ar\/web\/wp-json\/wp\/v2\/users\/3"}],"replies":[{"embeddable":true,"href":"https:\/\/infovera.com.ar\/web\/wp-json\/wp\/v2\/comments?post=53283"}],"version-history":[{"count":0,"href":"https:\/\/infovera.com.ar\/web\/wp-json\/wp\/v2\/posts\/53283\/revisions"}],"wp:featuredmedia":[{"embeddable":true,"href":"https:\/\/infovera.com.ar\/web\/wp-json\/wp\/v2\/media\/53284"}],"wp:attachment":[{"href":"https:\/\/infovera.com.ar\/web\/wp-json\/wp\/v2\/media?parent=53283"}],"wp:term":[{"taxonomy":"category","embeddable":true,"href":"https:\/\/infovera.com.ar\/web\/wp-json\/wp\/v2\/categories?post=53283"},{"taxonomy":"post_tag","embeddable":true,"href":"https:\/\/infovera.com.ar\/web\/wp-json\/wp\/v2\/tags?post=53283"}],"curies":[{"name":"wp","href":"https:\/\/api.w.org\/{rel}","templated":true}]}}