{"id":53254,"date":"2024-07-03T13:34:21","date_gmt":"2024-07-03T16:34:21","guid":{"rendered":"https:\/\/infovera.com.ar\/web\/?p=53254"},"modified":"2024-07-04T09:29:07","modified_gmt":"2024-07-04T12:29:07","slug":"alen-alassia-fue-condenado-a-6-anos-de-prision-mucho-menos-de-los-15-anos-que-pidio-el-fiscal","status":"publish","type":"post","link":"https:\/\/infovera.com.ar\/web\/2024\/07\/03\/alen-alassia-fue-condenado-a-6-anos-de-prision-mucho-menos-de-los-15-anos-que-pidio-el-fiscal\/","title":{"rendered":"Alen Alassia fue condenado a 6 a\u00f1os de prisi\u00f3n, mucho menos de los 15 a\u00f1os que pidi\u00f3 el fiscal"},"content":{"rendered":"<p>En la ma\u00f1ana del martes el tribunal dio a conocer el veredicto del juicio oral contra Alen Alassia, acusado por el abuso sexual con acceso carnal de una menor de 14 a\u00f1os en Calchaqu\u00ed.<\/p>\n<p>Por el hecho contra la integridad sexual de una menor de edad (V.L.) de Vera y Pintado ocurrido en 2022 en a la salida de la disco Gigante dentro de la camioneta del imputado el fiscal Leandro Benegas hab\u00eda pedido la pena de 15 a\u00f1os de c\u00e1rcel ya que, de acuerdo a la acusaci\u00f3n, existi\u00f3 acceso carnal.<\/p>\n<p>Los jueces se inclinaron por una condena de 6 a\u00f1os de prisi\u00f3n.<\/p>\n<p>&#8220;El tribunal resolvi\u00f3 condenar a Alassia a la pena de seis a\u00f1os de prisi\u00f3n por el delito de abuso sexual con acceso carnal, estamos a la espera de los fundamentos para ver qu\u00e9 decisi\u00f3n adoptar, si se recurre por el monto de la pena o no, lo vamos a analizar una vez que tengamos los fundamentos, pero en principio estamos conformes por la condena&#8221;, declar\u00f3 el Dr. Benegas a <strong>InfoVera<\/strong>.<\/p>\n","protected":false},"excerpt":{"rendered":"<p>En la ma\u00f1ana del martes el tribunal dio a conocer el veredicto del juicio oral contra Alen Alassia, acusado por el abuso sexual con acceso carnal de una menor de 14 a\u00f1os en Calchaqu\u00ed. Por el hecho contra la integridad sexual de una menor de edad (V.L.) de Vera y Pintado ocurrido en 2022 en [&hellip;]<\/p>\n","protected":false},"author":3,"featured_media":47416,"comment_status":"closed","ping_status":"closed","sticky":false,"template":"","format":"standard","meta":{"_joinchat":[],"footnotes":""},"categories":[30,53],"tags":[],"class_list":{"0":"post-53254","1":"post","2":"type-post","3":"status-publish","4":"format-standard","5":"has-post-thumbnail","7":"category-policiales","8":"category-vera"},"_links":{"self":[{"href":"https:\/\/infovera.com.ar\/web\/wp-json\/wp\/v2\/posts\/53254","targetHints":{"allow":["GET"]}}],"collection":[{"href":"https:\/\/infovera.com.ar\/web\/wp-json\/wp\/v2\/posts"}],"about":[{"href":"https:\/\/infovera.com.ar\/web\/wp-json\/wp\/v2\/types\/post"}],"author":[{"embeddable":true,"href":"https:\/\/infovera.com.ar\/web\/wp-json\/wp\/v2\/users\/3"}],"replies":[{"embeddable":true,"href":"https:\/\/infovera.com.ar\/web\/wp-json\/wp\/v2\/comments?post=53254"}],"version-history":[{"count":0,"href":"https:\/\/infovera.com.ar\/web\/wp-json\/wp\/v2\/posts\/53254\/revisions"}],"wp:featuredmedia":[{"embeddable":true,"href":"https:\/\/infovera.com.ar\/web\/wp-json\/wp\/v2\/media\/47416"}],"wp:attachment":[{"href":"https:\/\/infovera.com.ar\/web\/wp-json\/wp\/v2\/media?parent=53254"}],"wp:term":[{"taxonomy":"category","embeddable":true,"href":"https:\/\/infovera.com.ar\/web\/wp-json\/wp\/v2\/categories?post=53254"},{"taxonomy":"post_tag","embeddable":true,"href":"https:\/\/infovera.com.ar\/web\/wp-json\/wp\/v2\/tags?post=53254"}],"curies":[{"name":"wp","href":"https:\/\/api.w.org\/{rel}","templated":true}]}}