{"id":53246,"date":"2024-07-03T11:14:32","date_gmt":"2024-07-03T14:14:32","guid":{"rendered":"https:\/\/infovera.com.ar\/web\/?p=53246"},"modified":"2024-07-04T09:29:45","modified_gmt":"2024-07-04T12:29:45","slug":"asuntos-internos-detuvo-a-un-jefe-de-los-pumas-por-abuso-de-autoridad-y-cohecho","status":"publish","type":"post","link":"https:\/\/infovera.com.ar\/web\/2024\/07\/03\/asuntos-internos-detuvo-a-un-jefe-de-los-pumas-por-abuso-de-autoridad-y-cohecho\/","title":{"rendered":"Asuntos Internos detuvo a un jefe de Los Pumas por abuso de autoridad y cohecho"},"content":{"rendered":"<p>En San Jorge. Se lo investiga por robo de cables a la EPE y su posterior venta en una chatarrer\u00eda. Tambi\u00e9n por la quema ilegal de animales para la extracci\u00f3n de grasa.<\/p>\n<p>La subsecretaria de Control Policial, a trav\u00e9s de la delegaci\u00f3n Zona Centro Norte de la Unidad Especial de Asuntos Internos llev\u00f3 a cabo una serie de allanamientos y detuvo a un empleado policial de la Direcci\u00f3n General de Seguridad Rural (Los Pumas), quien se desempe\u00f1aba como jefe de la Secci\u00f3n San Jorge.<strong> Se trata de G. R., quien es oriundo del sur de la provincia, pero prest\u00f3 funciones hace algunos a\u00f1os en La Gallareta.<\/strong><\/p>\n<p>La medida fue ejecutada tras el allanamiento de su residencia personal, en el marco de una investigaci\u00f3n dirigida por el Fiscal Ezequiel Hern\u00e1ndez de la Secci\u00f3n Violencia y Corrupci\u00f3n Institucional de la Fiscal\u00eda de Delitos Complejos de la 1ra. Circunscripci\u00f3n Judicial.<\/p>\n<p>La investigaci\u00f3n se origin\u00f3 a ra\u00edz del robo de cables pertenecientes a la Empresa Provincial de la Energ\u00eda (E.P.E.), los cuales eran presuntamente vendidos en una chatarrer\u00eda de la ciudad de San Jorge.<\/p>\n<p>Adem\u00e1s, los efectivos descubrieron la quema ilegal de animales para la extracci\u00f3n de grasa en el mismo lugar. Durante las pesquisas, determinaron que el funcionario policial detenido visitaba regularmente el predio y la vivienda del propietario para recibir dinero, con el objetivo de encubrir estas actividades il\u00edcitas.<\/p>\n<p><strong>Empleados bajo sospecha<\/strong><\/p>\n<p>En el contexto de esta misma causa, tambi\u00e9n se encuentran bajo investigaci\u00f3n empleados de la Empresa Provincial de la Energ\u00eda y de la Municipalidad de Sastre y Ort\u00edz, por su presunta participaci\u00f3n en el comercio ilegal de cobre y aluminio.<\/p>\n<p>Los efectivos allanaron tambi\u00e9n los domicilios de los implicados y confiscaron tel\u00e9fonos celulares y material de inter\u00e9s para la investigaci\u00f3n.<\/p>\n<p>El empleado policial detenido enfrentar\u00e1 m\u00faltiples cargos adicionales, que ser\u00e1n formalizados durante la audiencia imputativa a cargo del Fiscal Hern\u00e1ndez.<\/p>\n","protected":false},"excerpt":{"rendered":"<p>En San Jorge. Se lo investiga por robo de cables a la EPE y su posterior venta en una chatarrer\u00eda. Tambi\u00e9n por la quema ilegal de animales para la extracci\u00f3n de grasa. La subsecretaria de Control Policial, a trav\u00e9s de la delegaci\u00f3n Zona Centro Norte de la Unidad Especial de Asuntos Internos llev\u00f3 a cabo [&hellip;]<\/p>\n","protected":false},"author":3,"featured_media":53247,"comment_status":"closed","ping_status":"closed","sticky":false,"template":"","format":"standard","meta":{"_joinchat":[],"footnotes":""},"categories":[30,60],"tags":[],"class_list":{"0":"post-53246","1":"post","2":"type-post","3":"status-publish","4":"format-standard","5":"has-post-thumbnail","7":"category-policiales","8":"category-provinciales"},"_links":{"self":[{"href":"https:\/\/infovera.com.ar\/web\/wp-json\/wp\/v2\/posts\/53246","targetHints":{"allow":["GET"]}}],"collection":[{"href":"https:\/\/infovera.com.ar\/web\/wp-json\/wp\/v2\/posts"}],"about":[{"href":"https:\/\/infovera.com.ar\/web\/wp-json\/wp\/v2\/types\/post"}],"author":[{"embeddable":true,"href":"https:\/\/infovera.com.ar\/web\/wp-json\/wp\/v2\/users\/3"}],"replies":[{"embeddable":true,"href":"https:\/\/infovera.com.ar\/web\/wp-json\/wp\/v2\/comments?post=53246"}],"version-history":[{"count":0,"href":"https:\/\/infovera.com.ar\/web\/wp-json\/wp\/v2\/posts\/53246\/revisions"}],"wp:featuredmedia":[{"embeddable":true,"href":"https:\/\/infovera.com.ar\/web\/wp-json\/wp\/v2\/media\/53247"}],"wp:attachment":[{"href":"https:\/\/infovera.com.ar\/web\/wp-json\/wp\/v2\/media?parent=53246"}],"wp:term":[{"taxonomy":"category","embeddable":true,"href":"https:\/\/infovera.com.ar\/web\/wp-json\/wp\/v2\/categories?post=53246"},{"taxonomy":"post_tag","embeddable":true,"href":"https:\/\/infovera.com.ar\/web\/wp-json\/wp\/v2\/tags?post=53246"}],"curies":[{"name":"wp","href":"https:\/\/api.w.org\/{rel}","templated":true}]}}