{"id":53225,"date":"2024-07-02T09:51:20","date_gmt":"2024-07-02T12:51:20","guid":{"rendered":"https:\/\/infovera.com.ar\/web\/?p=53225"},"modified":"2024-07-02T09:51:20","modified_gmt":"2024-07-02T12:51:20","slug":"vialidad-nacional-continua-los-trabajos-sobre-la-ruta-11-al-sur-de-gdor-crespo","status":"publish","type":"post","link":"https:\/\/infovera.com.ar\/web\/2024\/07\/02\/vialidad-nacional-continua-los-trabajos-sobre-la-ruta-11-al-sur-de-gdor-crespo\/","title":{"rendered":"Vialidad Nacional contin\u00faa los trabajos sobre la Ruta 11, al sur de Gdor. Crespo"},"content":{"rendered":"<p>Vialidad Nacional, con personal y maquinaria vial del 7\u00ba Distrito Santa Fe, prosigue esta semana con las tareas de mejoramiento de la Ruta Nacional N\u00ba 11 entre Gobernador Crespo y Colonia Silva. El fresado de deformaciones y bacheo profundo sostiene su avance hacia el sur, en una primera etapa que abarcar\u00e1 hasta Marcelino Escalada.<\/p>\n<p>Cabe recordar que el bacheo profundo comprende el agregado de cemento y saneamiento de la base del camino, reparaciones que se completar\u00e1n en otra etapa con la pavimentaci\u00f3n con concreto asf\u00e1ltico en caliente.<\/p>\n<p>Con la colaboraci\u00f3n de la comuna de Gobernador Crespo para el ordenamiento de la circulaci\u00f3n, la ejecuci\u00f3n de las mejoras produce la reducci\u00f3n de un carril, con paso alternado de a una mano por vez. Desde Vialidad Nacional se solicita a los conductores acatar las indicaciones de los banderilleros y reducir la velocidad en los sectores se\u00f1alizados por los trabajos.<\/p>\n<p>&nbsp;<\/p>\n","protected":false},"excerpt":{"rendered":"<p>Vialidad Nacional, con personal y maquinaria vial del 7\u00ba Distrito Santa Fe, prosigue esta semana con las tareas de mejoramiento de la Ruta Nacional N\u00ba 11 entre Gobernador Crespo y Colonia Silva. El fresado de deformaciones y bacheo profundo sostiene su avance hacia el sur, en una primera etapa que abarcar\u00e1 hasta Marcelino Escalada. Cabe [&hellip;]<\/p>\n","protected":false},"author":3,"featured_media":53226,"comment_status":"closed","ping_status":"closed","sticky":false,"template":"","format":"standard","meta":{"_joinchat":[],"footnotes":""},"categories":[61],"tags":[],"class_list":{"0":"post-53225","1":"post","2":"type-post","3":"status-publish","4":"format-standard","5":"has-post-thumbnail","7":"category-regionales"},"_links":{"self":[{"href":"https:\/\/infovera.com.ar\/web\/wp-json\/wp\/v2\/posts\/53225","targetHints":{"allow":["GET"]}}],"collection":[{"href":"https:\/\/infovera.com.ar\/web\/wp-json\/wp\/v2\/posts"}],"about":[{"href":"https:\/\/infovera.com.ar\/web\/wp-json\/wp\/v2\/types\/post"}],"author":[{"embeddable":true,"href":"https:\/\/infovera.com.ar\/web\/wp-json\/wp\/v2\/users\/3"}],"replies":[{"embeddable":true,"href":"https:\/\/infovera.com.ar\/web\/wp-json\/wp\/v2\/comments?post=53225"}],"version-history":[{"count":0,"href":"https:\/\/infovera.com.ar\/web\/wp-json\/wp\/v2\/posts\/53225\/revisions"}],"wp:featuredmedia":[{"embeddable":true,"href":"https:\/\/infovera.com.ar\/web\/wp-json\/wp\/v2\/media\/53226"}],"wp:attachment":[{"href":"https:\/\/infovera.com.ar\/web\/wp-json\/wp\/v2\/media?parent=53225"}],"wp:term":[{"taxonomy":"category","embeddable":true,"href":"https:\/\/infovera.com.ar\/web\/wp-json\/wp\/v2\/categories?post=53225"},{"taxonomy":"post_tag","embeddable":true,"href":"https:\/\/infovera.com.ar\/web\/wp-json\/wp\/v2\/tags?post=53225"}],"curies":[{"name":"wp","href":"https:\/\/api.w.org\/{rel}","templated":true}]}}