{"id":53199,"date":"2024-07-02T08:40:11","date_gmt":"2024-07-02T11:40:11","guid":{"rendered":"https:\/\/infovera.com.ar\/web\/?p=53199"},"modified":"2024-07-02T19:23:54","modified_gmt":"2024-07-02T22:23:54","slug":"lanzamiento-de-la-88a-expo-rural-de-reconquista","status":"publish","type":"post","link":"https:\/\/infovera.com.ar\/web\/2024\/07\/02\/lanzamiento-de-la-88a-expo-rural-de-reconquista\/","title":{"rendered":"Lanzamiento de la 88\u00aa Expo Rural de Reconquista"},"content":{"rendered":"<p>En la noche del lunes, la Sociedad Rural de Reconquista present\u00f3 una nueva edici\u00f3n de su tradicional muestra.<\/p>\n<p>En conferencia, el presidente de la entidad Augusto Gastaldo brind\u00f3 detalles de la expo.<\/p>\n<p>PROGRAMA DE ACTIVIDADES<\/p>\n<p>EXPO RURAL 2024<\/p>\n<p><strong><u>MIERCOLES 31 DE JULIO<\/u><\/strong><\/p>\n<p>08.00 hs.\u00a0\u00a0\u00a0\u00a0\u00a0\u00a0\u00a0\u00a0\u00a0\u00a0 A partir de la fecha, apertura del predio para el ingreso de expositores \u00a0\u00a0\u00a0\u00a0\u00a0\u00a0\u00a0\u00a0\u00a0\u00a0\u00a0\u00a0\u00a0\u00a0\u00a0\u00a0\u00a0\u00a0\u00a0\u00a0\u00a0\u00a0\u00a0\u00a0\u00a0\u00a0\u00a0\u00a0\u00a0\u00a0\u00a0\u00a0\u00a0\u00a0\u00a0\u00a0\u00a0\u00a0\u00a0\u00a0 para armado de stands.<\/p>\n<p><strong><u>LUNES 05 DE AGOSTO<\/u><\/strong><\/p>\n<p>08.00 hs.\u00a0\u00a0\u00a0\u00a0\u00a0\u00a0\u00a0\u00a0\u00a0\u00a0 Apertura del predio para el ingreso de expositores para armado de \u00a0\u00a0\u00a0\u00a0\u00a0\u00a0\u00a0\u00a0\u00a0\u00a0\u00a0\u00a0\u00a0\u00a0\u00a0\u00a0\u00a0\u00a0\u00a0\u00a0\u00a0\u00a0\u00a0\u00a0\u00a0\u00a0\u00a0\u00a0\u00a0\u00a0\u00a0\u00a0\u00a0\u00a0\u00a0\u00a0\u00a0\u00a0 stands.<\/p>\n<p>20.00 hs.\u00a0\u00a0\u00a0\u00a0\u00a0\u00a0\u00a0\u00a0\u00a0\u00a0 Apertura de Tranqueras 88\u00ba Expo Rural, en port\u00f3n peatonal N\u00ba 2.<\/p>\n<p>Conferencia de prensa en Auditorio.<\/p>\n<p><strong><u>MARTES 06 DE AGOSTO<\/u><\/strong><\/p>\n<p>08.00 hs. \u00a0\u00a0\u00a0\u00a0\u00a0\u00a0\u00a0\u00a0\u00a0 Apertura del predio para el ingreso de expositores para armado de \u00a0\u00a0\u00a0\u00a0\u00a0\u00a0\u00a0\u00a0\u00a0\u00a0\u00a0\u00a0\u00a0\u00a0\u00a0\u00a0\u00a0\u00a0\u00a0\u00a0\u00a0\u00a0\u00a0\u00a0\u00a0\u00a0\u00a0\u00a0\u00a0\u00a0\u00a0\u00a0\u00a0\u00a0\u00a0\u00a0\u00a0\u00a0 stands.<\/p>\n<p>16.00 hs\u00a0\u00a0\u00a0\u00a0\u00a0\u00a0\u00a0\u00a0\u00a0\u00a0\u00a0 Ingreso de reproductores.<\/p>\n<p><strong><u>MIERCOLES 07 DE AGOSTO<\/u><\/strong><\/p>\n<p>08.00 hs. \u00a0\u00a0\u00a0\u00a0\u00a0\u00a0\u00a0\u00a0\u00a0 Apertura del predio para el ingreso de expositores para armado de \u00a0\u00a0\u00a0\u00a0\u00a0\u00a0\u00a0\u00a0\u00a0\u00a0\u00a0\u00a0\u00a0\u00a0\u00a0\u00a0\u00a0\u00a0\u00a0\u00a0\u00a0\u00a0\u00a0\u00a0\u00a0\u00a0\u00a0\u00a0\u00a0\u00a0\u00a0\u00a0\u00a0\u00a0\u00a0\u00a0\u00a0\u00a0 stands.<\/p>\n<p>14.00 hs.\u00a0\u00a0\u00a0\u00a0\u00a0\u00a0\u00a0\u00a0\u00a0\u00a0 Jura de Admisi\u00f3n ganado mayor.<\/p>\n<p>18.00 hs.\u00a0\u00a0\u00a0\u00a0\u00a0\u00a0\u00a0\u00a0\u00a0\u00a0 <u>Charla T\u00e9cnica:<\/u><\/p>\n<ul>\n<li>Utilizaci\u00f3n del sistema autoconsumo RZeta en ganader\u00eda.<\/li>\n<\/ul>\n<p>Disertante: M.V. Fernando Barra \u2013 LOS VASCOS S.R.L.<\/p>\n<p>Auspicia: UAA<\/p>\n<p>Lugar: Auditorio Patricio Diez SRR.<\/p>\n<p>19.30 hs.\u00a0\u00a0\u00a0\u00a0\u00a0\u00a0\u00a0\u00a0\u00a0\u00a0 <u>Charla T\u00e9cnica:<\/u><\/p>\n<ul>\n<li>Estrategias para agregar valor a la cadena de la carne.<\/li>\n<\/ul>\n<p>Disertantes: Dres. Oscar Ferrero y Augusto Nascimbene &#8211; AGROPHARMA<\/p>\n<p>Auspicia: UAA<\/p>\n<p>Lugar: Auditorio Patricio Diez SRR.<\/p>\n<p><strong><u>JUEVES 08 DE AGOSTO <\/u><\/strong><\/p>\n<p>08.00 hs.\u00a0\u00a0\u00a0\u00a0\u00a0\u00a0\u00a0\u00a0\u00a0\u00a0 Apertura del predio para el ingreso de expositores, armado de stands.<\/p>\n<p>16.00 hs.\u00a0\u00a0\u00a0\u00a0\u00a0\u00a0\u00a0\u00a0\u00a0\u00a0 Finaliza ingreso de Animales.<\/p>\n<p>18.00 hs.\u00a0\u00a0\u00a0\u00a0\u00a0\u00a0\u00a0\u00a0\u00a0\u00a0 Finaliza Jura de admisi\u00f3n.<\/p>\n<p>18.00 hs. \u00a0\u00a0\u00a0\u00a0\u00a0\u00a0\u00a0\u00a0\u00a0 Finaliza armado de stand\u00a0 e inicia actuaci\u00f3n de Jurado de Industria, \u00a0\u00a0\u00a0\u00a0\u00a0\u00a0\u00a0\u00a0\u00a0\u00a0\u00a0\u00a0\u00a0\u00a0\u00a0\u00a0\u00a0\u00a0\u00a0\u00a0\u00a0\u00a0\u00a0\u00a0\u00a0\u00a0\u00a0\u00a0\u00a0\u00a0 comercio y Servicios.<\/p>\n<p>19.00 hs.\u00a0\u00a0\u00a0\u00a0\u00a0\u00a0\u00a0\u00a0\u00a0\u00a0 <u>Charla T\u00e9cnica:<\/u><\/p>\n<ul>\n<li>Nueva era en el tratamiento de Garrapatas.<\/li>\n<\/ul>\n<p>Disertante: MV Fernando W. Fader<\/p>\n<p>Auspicia: Veterinaria Vetagro<\/p>\n<p>Lugar: Auditorio Patricio Diez SRR.<\/p>\n<p>19:30 hs. \u00a0\u00a0\u00a0\u00a0\u00a0\u00a0\u00a0\u00a0\u00a0 Acto inauguraci\u00f3n Industria, Comercio y Servicios.<\/p>\n<p><strong><u>VIERNES 09 DE AGOSTO <\/u><\/strong><\/p>\n<p>08.00 hs. \u00a0\u00a0\u00a0\u00a0\u00a0\u00a0\u00a0\u00a0 Apertura del predio al p\u00fablico en general.<\/p>\n<p>Contin\u00faa la actuaci\u00f3n del Jurado de Industria, Comercio y Servicios.<\/p>\n<p><strong>Visita de estudiantes (toda la jornada).<\/strong><\/p>\n<p>09.00 hs.\u00a0\u00a0\u00a0\u00a0\u00a0\u00a0\u00a0\u00a0\u00a0\u00a0 Actuaci\u00f3n Jurado de Clasificaci\u00f3n de Ganado Mayor \u2013 (Elecci\u00f3n de Campeones y grandes Campeones de cada raza)<\/p>\n<p>Lugar: Ovalo.<\/p>\n<p>14.00 hs. \u00a0\u00a0\u00a0\u00a0\u00a0\u00a0\u00a0\u00a0 <u>Charla de la mujer:<\/u><\/p>\n<p>Organiza: UAA<\/p>\n<p>Lugar: Auditorio Patricio Diez.<\/p>\n<p>21.00 hs. \u00a0\u00a0\u00a0\u00a0\u00a0\u00a0\u00a0\u00a0\u00a0 Pe\u00f1a Folkl\u00f3rica.<\/p>\n<p>Organiza: Ateneo Juvenil SRR.<\/p>\n<p>Lugar: Sal\u00f3n Multiespacio.<\/p>\n<p>Artistas: Julian Escobar y su grupo<\/p>\n<p>Vale el trago<\/p>\n<p>Quinan<\/p>\n<p>Emi Gavirondo DJ<\/p>\n<p><strong><u>SABADO 10 DE AGOSTO<\/u><\/strong><\/p>\n<p>08.00 hs. \u00a0\u00a0\u00a0\u00a0\u00a0\u00a0\u00a0\u00a0\u00a0 Apertura del predio al p\u00fablico en general.<\/p>\n<p>13.00 hs.\u00a0\u00a0\u00a0\u00a0\u00a0\u00a0\u00a0\u00a0\u00a0\u00a0 Remate de Reproductores<\/p>\n<p>Firma Consignataria: Rigran de Riboldi S.A.<\/p>\n<p>Lugar: Ovalo.<\/p>\n<p>17.00hs \u00a0\u00a0\u00a0\u00a0\u00a0\u00a0\u00a0\u00a0\u00a0\u00a0\u00a0 Desfile de aperos tradicionalistas<\/p>\n<p>Tropillas entabladas<\/p>\n<p>Lugar: Ovalo<\/p>\n<p>18.00 hs. \u00a0\u00a0\u00a0\u00a0\u00a0\u00a0\u00a0\u00a0\u00a0\u00a0 <u>Charla Central:<\/u><\/p>\n<p>Disertante: Lic. Dami\u00e1n Di Pace<\/p>\n<p>Organiza: Ateneo Juvenil<\/p>\n<p>Lugar: sal\u00f3n multiespacio.<\/p>\n<p>18.00 hs. \u00a0\u00a0\u00a0\u00a0\u00a0\u00a0\u00a0\u00a0\u00a0\u00a0 Espect\u00e1culos musicales.<\/p>\n<p>Lugar: Escenario Principal.<\/p>\n<p>Artistas: Los Vecinos<\/p>\n<p>Kaniche<\/p>\n<p>21.00 hs. \u00a0\u00a0\u00a0\u00a0\u00a0\u00a0\u00a0\u00a0 Cena premiaci\u00f3n expositores de Industria, Comercio y Servicios.<\/p>\n<p>Lugar: Sal\u00f3n Multiespacio.<\/p>\n<p>Artista: Balumba<\/p>\n<p><strong><u>DOMINGO 11 DE AGOSTO <\/u><\/strong><\/p>\n<p>09.00 hs. \u00a0\u00a0\u00a0\u00a0\u00a0\u00a0\u00a0\u00a0\u00a0 Apertura del predio al p\u00fablico en general.<\/p>\n<p>10.00 hs.\u00a0\u00a0\u00a0\u00a0\u00a0\u00a0\u00a0\u00a0\u00a0\u00a0 Santa Misa Ruralista.<\/p>\n<p>Lugar: Auditorio Patricio Diez.<\/p>\n<p>10.00 hs. \u00a0\u00a0\u00a0\u00a0\u00a0\u00a0\u00a0\u00a0\u00a0 Competencia y demostraci\u00f3n de destrezas criollas.<\/p>\n<p>Lugar: Ovalo.<\/p>\n<p>Payador: Corcho Diaz (San Francisco- C\u00f3rdoba)<\/p>\n<p>Relator: Rat\u00f3n Encina (San Cristobal- Santa Fe)<\/p>\n<p>14.00 hs. \u00a0\u00a0\u00a0\u00a0\u00a0\u00a0\u00a0\u00a0 Inauguraci\u00f3n Oficial de la 88\u00aa Exposici\u00f3n Nacional de Ganader\u00eda, Agricultura, Industria, Comercio y Servicios.<\/p>\n<p>Lugar: Ovalo.<\/p>\n<p>16.00hs \u00a0\u00a0\u00a0\u00a0\u00a0\u00a0\u00a0\u00a0\u00a0\u00a0\u00a0 Desfile de aperos tradicionalistas<\/p>\n<p>Tropillas entabladas<\/p>\n<p>Lugar: Ovalo.<\/p>\n<p>17.00 hs. \u00a0\u00a0\u00a0\u00a0\u00a0\u00a0\u00a0\u00a0\u00a0 Competencia y demostraci\u00f3n de destrezas criollas.<\/p>\n<p>Lugar: Ovalo.<\/p>\n<p>Payador: Corcho Diaz (San Francisco- C\u00f3rdoba)<\/p>\n<p>Relator: Rat\u00f3n Encina (San Cristobal- Santa Fe)<\/p>\n<p>17.00 hs.\u00a0\u00a0\u00a0\u00a0\u00a0\u00a0\u00a0\u00a0\u00a0\u00a0 Espect\u00e1culos Musicales.<\/p>\n<p>Lugar: Escenario Principal<\/p>\n<p>Artistas: Musiqueros<\/p>\n<p>Grito Chaque\u00f1o<\/p>\n<p>Guitarreros<\/p>\n<p>&nbsp;<\/p>\n<p>&nbsp;<\/p>\n","protected":false},"excerpt":{"rendered":"<p>En la noche del lunes, la Sociedad Rural de Reconquista present\u00f3 una nueva edici\u00f3n de su tradicional muestra. En conferencia, el presidente de la entidad Augusto Gastaldo brind\u00f3 detalles de la expo. PROGRAMA DE ACTIVIDADES EXPO RURAL 2024 MIERCOLES 31 DE JULIO 08.00 hs.\u00a0\u00a0\u00a0\u00a0\u00a0\u00a0\u00a0\u00a0\u00a0\u00a0 A partir de la fecha, apertura del predio para el ingreso [&hellip;]<\/p>\n","protected":false},"author":3,"featured_media":53200,"comment_status":"closed","ping_status":"closed","sticky":false,"template":"","format":"standard","meta":{"_joinchat":[],"footnotes":""},"categories":[55,61],"tags":[],"class_list":{"0":"post-53199","1":"post","2":"type-post","3":"status-publish","4":"format-standard","5":"has-post-thumbnail","7":"category-reconquista","8":"category-regionales"},"_links":{"self":[{"href":"https:\/\/infovera.com.ar\/web\/wp-json\/wp\/v2\/posts\/53199","targetHints":{"allow":["GET"]}}],"collection":[{"href":"https:\/\/infovera.com.ar\/web\/wp-json\/wp\/v2\/posts"}],"about":[{"href":"https:\/\/infovera.com.ar\/web\/wp-json\/wp\/v2\/types\/post"}],"author":[{"embeddable":true,"href":"https:\/\/infovera.com.ar\/web\/wp-json\/wp\/v2\/users\/3"}],"replies":[{"embeddable":true,"href":"https:\/\/infovera.com.ar\/web\/wp-json\/wp\/v2\/comments?post=53199"}],"version-history":[{"count":0,"href":"https:\/\/infovera.com.ar\/web\/wp-json\/wp\/v2\/posts\/53199\/revisions"}],"wp:featuredmedia":[{"embeddable":true,"href":"https:\/\/infovera.com.ar\/web\/wp-json\/wp\/v2\/media\/53200"}],"wp:attachment":[{"href":"https:\/\/infovera.com.ar\/web\/wp-json\/wp\/v2\/media?parent=53199"}],"wp:term":[{"taxonomy":"category","embeddable":true,"href":"https:\/\/infovera.com.ar\/web\/wp-json\/wp\/v2\/categories?post=53199"},{"taxonomy":"post_tag","embeddable":true,"href":"https:\/\/infovera.com.ar\/web\/wp-json\/wp\/v2\/tags?post=53199"}],"curies":[{"name":"wp","href":"https:\/\/api.w.org\/{rel}","templated":true}]}}