{"id":53185,"date":"2024-07-01T13:22:15","date_gmt":"2024-07-01T16:22:15","guid":{"rendered":"https:\/\/infovera.com.ar\/web\/?p=53185"},"modified":"2024-07-01T13:22:15","modified_gmt":"2024-07-01T16:22:15","slug":"caraguatay-se-encamina-a-tener-vecinal-propia","status":"publish","type":"post","link":"https:\/\/infovera.com.ar\/web\/2024\/07\/01\/caraguatay-se-encamina-a-tener-vecinal-propia\/","title":{"rendered":"Caraguatay se encamina a tener vecinal propia"},"content":{"rendered":"<p>Como estaba previsto se llev\u00f3 a cabo la reuni\u00f3n informativa en el paraje rural Caraguatay, tributario de Vera.<\/p>\n<p>La misma ten\u00eda como finalidad debatir y tratar de concretar una lista que conforme una comisi\u00f3n vecinal que represente al lugar.<\/p>\n<p>&#8220;Con una nutrida concurrencia de vecinos y allegados comenz\u00f3 este peque\u00f1o sue\u00f1o.<br \/>\nQueremos unir fuerzas, no dividir. Esa es la consigna. sumar para el pueblo&#8221;, expresaron los vecinos que impulsan la iniciativa.<\/p>\n<p>Adem\u00e1s, agradecieron al &#8220;se\u00f1or Roben Angol Senn que se acerc\u00f3 a brindar sus conocimientos sobre el tema&#8221; y al &#8220;concejal Mario Souilh\u00e9 por estar presente y acompa\u00f1ando al pueblo&#8221;.<\/p>\n<p>&#8220;\u00a1Ahora a trabajar. Juntos se puede!&#8221;, celebraron.<\/p>\n","protected":false},"excerpt":{"rendered":"<p>Como estaba previsto se llev\u00f3 a cabo la reuni\u00f3n informativa en el paraje rural Caraguatay, tributario de Vera. La misma ten\u00eda como finalidad debatir y tratar de concretar una lista que conforme una comisi\u00f3n vecinal que represente al lugar. &#8220;Con una nutrida concurrencia de vecinos y allegados comenz\u00f3 este peque\u00f1o sue\u00f1o. Queremos unir fuerzas, no [&hellip;]<\/p>\n","protected":false},"author":3,"featured_media":53186,"comment_status":"closed","ping_status":"closed","sticky":false,"template":"","format":"standard","meta":{"_joinchat":[],"footnotes":""},"categories":[53],"tags":[],"class_list":{"0":"post-53185","1":"post","2":"type-post","3":"status-publish","4":"format-standard","5":"has-post-thumbnail","7":"category-vera"},"_links":{"self":[{"href":"https:\/\/infovera.com.ar\/web\/wp-json\/wp\/v2\/posts\/53185","targetHints":{"allow":["GET"]}}],"collection":[{"href":"https:\/\/infovera.com.ar\/web\/wp-json\/wp\/v2\/posts"}],"about":[{"href":"https:\/\/infovera.com.ar\/web\/wp-json\/wp\/v2\/types\/post"}],"author":[{"embeddable":true,"href":"https:\/\/infovera.com.ar\/web\/wp-json\/wp\/v2\/users\/3"}],"replies":[{"embeddable":true,"href":"https:\/\/infovera.com.ar\/web\/wp-json\/wp\/v2\/comments?post=53185"}],"version-history":[{"count":0,"href":"https:\/\/infovera.com.ar\/web\/wp-json\/wp\/v2\/posts\/53185\/revisions"}],"wp:featuredmedia":[{"embeddable":true,"href":"https:\/\/infovera.com.ar\/web\/wp-json\/wp\/v2\/media\/53186"}],"wp:attachment":[{"href":"https:\/\/infovera.com.ar\/web\/wp-json\/wp\/v2\/media?parent=53185"}],"wp:term":[{"taxonomy":"category","embeddable":true,"href":"https:\/\/infovera.com.ar\/web\/wp-json\/wp\/v2\/categories?post=53185"},{"taxonomy":"post_tag","embeddable":true,"href":"https:\/\/infovera.com.ar\/web\/wp-json\/wp\/v2\/tags?post=53185"}],"curies":[{"name":"wp","href":"https:\/\/api.w.org\/{rel}","templated":true}]}}