{"id":53114,"date":"2024-06-28T10:04:22","date_gmt":"2024-06-28T13:04:22","guid":{"rendered":"https:\/\/infovera.com.ar\/web\/?p=53114"},"modified":"2024-06-28T15:01:31","modified_gmt":"2024-06-28T18:01:31","slug":"acto-por-el-dia-del-policia-caido-en-cumplimiento-del-deber","status":"publish","type":"post","link":"https:\/\/infovera.com.ar\/web\/2024\/06\/28\/acto-por-el-dia-del-policia-caido-en-cumplimiento-del-deber\/","title":{"rendered":"Acto por el D\u00eda del Polic\u00eda ca\u00eddo en cumplimiento del deber"},"content":{"rendered":"<p>D\u00eda del Polic\u00eda de la Provincia de Santa Fe ca\u00eddo en cumplimiento del deber<\/p>\n<p>En la ma\u00f1ana de hoy, en el hall de la Jefatura, se llev\u00f3 a cabo una sencilla y emotiva ceremonia interna con motivo del D\u00eda del Polic\u00eda de la Provincia de Santa Fe ca\u00eddo en cumplimiento del deber.<\/p>\n<p>Estuvo presidida por el jefe de la UR XIX, director de Polic\u00eda Ariel Omar Monje, acompa\u00f1ado por el subjefe director de Polic\u00eda Dar\u00edo Javier Lacuadra y personal que compone la plana mayor y especial.<\/p>\n<p>El titular de la Jefatura dio lectura a los presentes del Decreto 2046 de fecha 6 de octubre del a\u00f1o 2022, el cual se declara este d\u00eda como tal.<\/p>\n","protected":false},"excerpt":{"rendered":"<p>D\u00eda del Polic\u00eda de la Provincia de Santa Fe ca\u00eddo en cumplimiento del deber En la ma\u00f1ana de hoy, en el hall de la Jefatura, se llev\u00f3 a cabo una sencilla y emotiva ceremonia interna con motivo del D\u00eda del Polic\u00eda de la Provincia de Santa Fe ca\u00eddo en cumplimiento del deber. Estuvo presidida por [&hellip;]<\/p>\n","protected":false},"author":3,"featured_media":53115,"comment_status":"closed","ping_status":"closed","sticky":false,"template":"","format":"standard","meta":{"_joinchat":[],"footnotes":""},"categories":[53],"tags":[],"class_list":{"0":"post-53114","1":"post","2":"type-post","3":"status-publish","4":"format-standard","5":"has-post-thumbnail","7":"category-vera"},"_links":{"self":[{"href":"https:\/\/infovera.com.ar\/web\/wp-json\/wp\/v2\/posts\/53114","targetHints":{"allow":["GET"]}}],"collection":[{"href":"https:\/\/infovera.com.ar\/web\/wp-json\/wp\/v2\/posts"}],"about":[{"href":"https:\/\/infovera.com.ar\/web\/wp-json\/wp\/v2\/types\/post"}],"author":[{"embeddable":true,"href":"https:\/\/infovera.com.ar\/web\/wp-json\/wp\/v2\/users\/3"}],"replies":[{"embeddable":true,"href":"https:\/\/infovera.com.ar\/web\/wp-json\/wp\/v2\/comments?post=53114"}],"version-history":[{"count":0,"href":"https:\/\/infovera.com.ar\/web\/wp-json\/wp\/v2\/posts\/53114\/revisions"}],"wp:featuredmedia":[{"embeddable":true,"href":"https:\/\/infovera.com.ar\/web\/wp-json\/wp\/v2\/media\/53115"}],"wp:attachment":[{"href":"https:\/\/infovera.com.ar\/web\/wp-json\/wp\/v2\/media?parent=53114"}],"wp:term":[{"taxonomy":"category","embeddable":true,"href":"https:\/\/infovera.com.ar\/web\/wp-json\/wp\/v2\/categories?post=53114"},{"taxonomy":"post_tag","embeddable":true,"href":"https:\/\/infovera.com.ar\/web\/wp-json\/wp\/v2\/tags?post=53114"}],"curies":[{"name":"wp","href":"https:\/\/api.w.org\/{rel}","templated":true}]}}