{"id":53071,"date":"2024-06-26T10:36:53","date_gmt":"2024-06-26T13:36:53","guid":{"rendered":"https:\/\/infovera.com.ar\/web\/?p=53071"},"modified":"2024-06-26T22:02:43","modified_gmt":"2024-06-27T01:02:43","slug":"se-reunio-la-mesa-directiva-de-la-ucr-vera","status":"publish","type":"post","link":"https:\/\/infovera.com.ar\/web\/2024\/06\/26\/se-reunio-la-mesa-directiva-de-la-ucr-vera\/","title":{"rendered":"Se reuni\u00f3 la mesa directiva de la UCR Vera"},"content":{"rendered":"<p>Las nuevas autoridades de la UNION CIVICA RADICAL de Vera, mantuvieron en la Casa Radical una reuni\u00f3n para deliberar y definir la agenda de acci\u00f3n Pol\u00edtica de esta<\/p>\n<p>nueva gesti\u00f3n al frente del Partido.<br \/>\nEn lo organizativo se resolvi\u00f3 llevar a cabo una reuni\u00f3n de mesa cada mes, como as\u00ed tambi\u00e9n una asamblea plenaria del Comit\u00e9 de Distrito cada ultimo martes de cada mes a partir de las 20hs.<\/p>\n<p>El criterio por unanimidad fue convocar a todos los radicales a participar de cada plenario, trabajar por una UCR abierta y unida, con el prop\u00f3sito de debatir la agenda pol\u00edtica para el per\u00edodo 2024-2025.<\/p>\n<p>Una Uni\u00f3n C\u00edvica Radical unida bajo su \u00fanica bandera; fortaleciendo y llevando la pr\u00e1ctica los valores fundacionales del partido y honrando el legado de Leandro Alem e Hip\u00f3lito Yrigoyen, representativa de las mayor\u00edas, fue lo que la Mesa Ejecutiva a resuelto.<\/p>\n<p>Como principal objetivo del Presidente actual de la UCR Edgardo Tito Ballario se\u00f1al\u00f3. \u201cSiento orgullo y mucha confianza por quienes me acompa\u00f1an en este desaf\u00edo que viene, creo en una UCR unida estableciendo una agenda pol\u00edtica que ponga a discusi\u00f3n el camino a lograr una sociedad con m\u00e1s y mejores oportunidades para todos, sin excluidos, sin desigualdades<br \/>\nLa Uni\u00f3n C\u00edvica Radical fue, es y ser\u00e1 siempre una fuerza democr\u00e1tica y Republicana que luche por una sociedad m\u00e1s justa y solidaria desde el Gobierno o desde el llano\u201d.<\/p>\n<p>Participaron de la Reuni\u00f3n: Presidente Edgardo Tito Ballario, Vice 1\u00b0: Florencia Capello, Vice 2\u00b0: Sandra Ocampo, Secretaria: Nancy Senn, Secretario de Actas: Alberto Velazco, Tesorero: Guillermo Reynald, Secretario de Comunicaci\u00f3n: Luis Fabris, Secretario de Acci\u00f3n Pol\u00edtica: Daniel Buyatti; Vocales titulares: Paola Cuevas, Gabriela Monz\u00f3n, Soledad Su\u00e1rez, Cesar Berli.<\/p>\n","protected":false},"excerpt":{"rendered":"<p>Las nuevas autoridades de la UNION CIVICA RADICAL de Vera, mantuvieron en la Casa Radical una reuni\u00f3n para deliberar y definir la agenda de acci\u00f3n Pol\u00edtica de esta nueva gesti\u00f3n al frente del Partido. En lo organizativo se resolvi\u00f3 llevar a cabo una reuni\u00f3n de mesa cada mes, como as\u00ed tambi\u00e9n una asamblea plenaria del [&hellip;]<\/p>\n","protected":false},"author":3,"featured_media":53072,"comment_status":"closed","ping_status":"closed","sticky":false,"template":"","format":"standard","meta":{"_joinchat":[],"footnotes":""},"categories":[53],"tags":[],"class_list":{"0":"post-53071","1":"post","2":"type-post","3":"status-publish","4":"format-standard","5":"has-post-thumbnail","7":"category-vera"},"_links":{"self":[{"href":"https:\/\/infovera.com.ar\/web\/wp-json\/wp\/v2\/posts\/53071","targetHints":{"allow":["GET"]}}],"collection":[{"href":"https:\/\/infovera.com.ar\/web\/wp-json\/wp\/v2\/posts"}],"about":[{"href":"https:\/\/infovera.com.ar\/web\/wp-json\/wp\/v2\/types\/post"}],"author":[{"embeddable":true,"href":"https:\/\/infovera.com.ar\/web\/wp-json\/wp\/v2\/users\/3"}],"replies":[{"embeddable":true,"href":"https:\/\/infovera.com.ar\/web\/wp-json\/wp\/v2\/comments?post=53071"}],"version-history":[{"count":0,"href":"https:\/\/infovera.com.ar\/web\/wp-json\/wp\/v2\/posts\/53071\/revisions"}],"wp:featuredmedia":[{"embeddable":true,"href":"https:\/\/infovera.com.ar\/web\/wp-json\/wp\/v2\/media\/53072"}],"wp:attachment":[{"href":"https:\/\/infovera.com.ar\/web\/wp-json\/wp\/v2\/media?parent=53071"}],"wp:term":[{"taxonomy":"category","embeddable":true,"href":"https:\/\/infovera.com.ar\/web\/wp-json\/wp\/v2\/categories?post=53071"},{"taxonomy":"post_tag","embeddable":true,"href":"https:\/\/infovera.com.ar\/web\/wp-json\/wp\/v2\/tags?post=53071"}],"curies":[{"name":"wp","href":"https:\/\/api.w.org\/{rel}","templated":true}]}}