{"id":53062,"date":"2024-06-25T19:18:09","date_gmt":"2024-06-25T22:18:09","guid":{"rendered":"https:\/\/infovera.com.ar\/web\/?p=53062"},"modified":"2024-06-26T14:05:05","modified_gmt":"2024-06-26T17:05:05","slug":"dos-obras-para-el-departamento-vera-incluye-el-acuerdo-entre-provincia-y-nacion","status":"publish","type":"post","link":"https:\/\/infovera.com.ar\/web\/2024\/06\/25\/dos-obras-para-el-departamento-vera-incluye-el-acuerdo-entre-provincia-y-nacion\/","title":{"rendered":"Dos obras para el departamento Vera incluye el acuerdo entre Provincia y Naci\u00f3n"},"content":{"rendered":"<p>Provincia y Naci\u00f3n firmaron un acuerdo para la continuidad de obras en Santa Fe. Fue en la ciudad de Buenos Aires, tras una reuni\u00f3n del gobernador Maximiliano Pullaro y el jefe de Gabinete, Guillermo Francos. Se determin\u00f3 qu\u00e9 obras ser\u00e1n finalizadas y financiadas por Naci\u00f3n y cu\u00e1les ser\u00e1n traspasadas al Gobierno provincial para su terminaci\u00f3n.<\/p>\n<p>El gobernador Maximiliano Pullaro firm\u00f3 este martes con el jefe de Gabinete de Naci\u00f3n, Guillermo Francos, el acuerdo que establece la continuidad de las obras p\u00fablicas que el Gobierno nacional ejecutaba en territorio santafesino, y determina qu\u00e9 obras ser\u00e1n finalizadas y financiadas por Naci\u00f3n y cu\u00e1les ser\u00e1n traspasadas al Gobierno provincial para su terminaci\u00f3n.<\/p>\n<p>Ante la decisi\u00f3n de paralizar la obra p\u00fablica por parte del Naci\u00f3n, este convenio le permite ala Provincia de Santa Fe avanzar en alternativas para dar continuidad a las obras que se estaban ejecutando.<\/p>\n<p>Luego del encuentro, en di\u00e1logo con los medios de comunicaci\u00f3n, Pullaro precis\u00f3 que \u201calgunas obras las va a terminar el Gobierno provincial, las que tienen que ver con viviendas, obras de saneamiento, edificios escolares; y otras las va a terminar Naci\u00f3n, principalmente las que tienen que ver con la reparaci\u00f3n de las rutas de la producci\u00f3n, por donde sale el 70% de los cereales, de la riqueza, de la Rep\u00fablica Argentina, que est\u00e1n en muy mal estado. El Gobierno nacional comenzar\u00e1 ya con la reparaci\u00f3n, una inversi\u00f3n importante\u201d.<\/p>\n<p>A continuaci\u00f3n, se\u00f1al\u00f3 que tambi\u00e9n se est\u00e1 trabajando en \u201cun acuerdo para que Naci\u00f3n ceda a las provincias las trazas nacionales, para poder reconstruir todo el complejo interportuario, que en este momento, aunque parezca mentira, son caminos de tierra\u201d.<br \/>\nPor \u00faltimo, Pullaro reiter\u00f3 que \u201cnecesitamos obras de infraestructura, viales, energ\u00e9ticas y de conectividad, que nos permitan potenciar nuestra producci\u00f3n. Compartimos la intenci\u00f3n del Ejecutivo de terminar con el d\u00e9ficit fiscal, pero vemos un camino distinto; para nosotros hay que fortalecer el sistema productivo y asociarlo con el sistema educativo, para que se pueda producir m\u00e1s y de esa manera se pueda crecer\u201d, concluy\u00f3.<\/p>\n<p><strong>\u201cDecidimos hacernos cargo\u201d<\/strong><\/p>\n<p>Al respecto, el ministro de Obras P\u00fablicas, Lisandro Enrico, indic\u00f3 que \u201chace algunos meses venimos dialogando, y llegamos a un entendimiento por el cual Naci\u00f3n asumir\u00e1 el compromiso de concluir diferentes obras que ya eran de su competencia; mientras que la Provincia tomar\u00e1 posesi\u00f3n de las restantes, para su reactivaci\u00f3n. Con la intenci\u00f3n de colaborar para que no se paralicen las obras nacionales en Santa Fe, decidimos hacernos cargo\u201d.<\/p>\n<p>A continuaci\u00f3n, record\u00f3 que \u201cjunto al gobernador, durante todo este tiempo hemos planteado a Naci\u00f3n que efect\u00fae una fuerte inversi\u00f3n en obras en las rutas, y a trav\u00e9s de este acuerdo logramos que asuma el cumplimiento de esta petici\u00f3n\u201d; porque \u201cla principal prioridad para el Gobierno provincial es que la Naci\u00f3n retome los trabajos de reparaci\u00f3n y mantenimiento de las rutas nacionales, que se encuentran en p\u00e9simo estado\u201d.<br \/>\nAdem\u00e1s, Enrico detall\u00f3 que se est\u00e1 trabajando \u201cjunto a Naci\u00f3n, en un esquema que le permita a la provincia tomar la concesi\u00f3n de rutas nacionales, por un tiempo, para hacernos cargo del mantenimiento, de la conservaci\u00f3n y de nuevas obras\u201d.<\/p>\n<p><strong>Acuerdo Marco de Colaboraci\u00f3n en materia de Obras P\u00fablicas entre Naci\u00f3n y Provincia<\/strong><\/p>\n<p><strong>Listado de obras nacionales que finalizar\u00e1 el Gobierno de la Provincia de Santa Fe<\/strong><\/p>\n<p>\u2022 Renovaci\u00f3n cloaca m\u00e1xima. Esperanza &#8211; Santa Fe.<br \/>\n\u2022 Obras b\u00e1sicas barrios Ciudadela, Schneider, Las Flores y San Mart\u00edn &#8211; Santa Fe<br \/>\nCapital.<br \/>\n\u2022 Red de desag\u00fces cloacales barrio Ant\u00e1rtida Argentina, Brigadier L\u00f3pez y Tierra de Pioneros &#8211; Rafaela, Santa Fe.<br \/>\n\u2022 Expansi\u00f3n de red cloacal barrio La Patria y La Quemada &#8211; Firmat, Santa Fe<br \/>\n\u2022 Refuerzo de agua zona sureste, obra el\u00e9ctrica, automatismo y control de agua &#8211; Casilda, Santa Fe.<br \/>\n\u2022 Renovaci\u00f3n y rehabilitaci\u00f3n de redes de la ciudad de Rosario &#8211; colector CorrientesRosario<br \/>\n\u2022 Construcci\u00f3n del Centro de Desarrollo Infantil (CDI) en Las Rosas en Santa Fe.<br \/>\n\u2022 Construcci\u00f3n de CDI en Arijon 647 Rosario Santa Fe.<br \/>\n\u2022 Construcci\u00f3n de CDI en Rosario w y r &#8211; Santa Fe.<br \/>\n\u2022 Construcci\u00f3n de CDI en Ca\u00f1ada de G\u00f3mez Santa Fe.<br \/>\n\u2022 Construcci\u00f3n de CDI en P\u00e9rez Santa Fe- Rosario.<br \/>\n\u2022 Construcci\u00f3n de CDI en Tostado Santa Fe.<br \/>\n<strong>\u2022 Construcci\u00f3n de CDI en Vera Santa Fe.<\/strong><br \/>\n\u2022 Construcci\u00f3n de CDI en El Tr\u00e9bol Santa Fe.<br \/>\n\u2022 Construcci\u00f3n de CDI en Rafaela Santa Fe.<br \/>\n\u2022 Estabilizaci\u00f3n de la cascada del Arroyo Saladillo-primera etapa: protecci\u00f3n de la cascada del Arroyo Saladillo y estabilizaci\u00f3n de m\u00e1rgenes en el tramo entre el puente Molino Blanco y la cascada- Rosario.<br \/>\n\u2022 Estabilizaci\u00f3n de la cascada del Arroyo Saladillo &#8211; 2da etapa: pantalla de defensa contra la erosi\u00f3n retrogradante de la cascada del Arroyo Saladillo.<br \/>\n\u2022 Acueducto Gran Rosario &#8211; secci\u00f3n b: estaci\u00f3n de bombeo b<br \/>\n\u2022 Acueducto Gran Rosario &#8211; secci\u00f3n c: refuerzo oeste.<br \/>\n\u2022 Iluminaci\u00f3n circunvalaci\u00f3n Santa Fe ciudad.<\/p>\n<p><strong>Listado de obras a finalizar por la Secretar\u00eda de Obras P\u00fablicas del<\/strong><br \/>\n<strong>Ministerio de Econom\u00eda de la Naci\u00f3n<\/strong><\/p>\n<p>\u2022 Servicio de conservaci\u00f3n y mantenimiento de los corredores viales RN\u00b0 19 y RN\u00b0 34<br \/>\nSanta Fe \u2013 C\u00f3rdoba.<br \/>\n\u2022 Servicio de conservaci\u00f3n y mantenimiento de los corredores viales tramos RN 9 &#8211; RN 193 &#8211; A012 &#8211; A008 Santa Fe \u2013 C\u00f3rdoba.<br \/>\n\u2022 Corredor vial tramo VI: RN\u00b0 9 Autopista Rosario-C\u00f3rdoba: ramas de acceso a Funes<br \/>\nProvincia de Santa Fe.<br \/>\n\u2022 Corredor vial tramo V: RN N\u00b019- RN 34 reconversi\u00f3n de luminarias a tecnolog\u00eda led<br \/>\nprovincias de Santa Fe y C\u00f3rdoba.<br \/>\n\u2022 Corredor vial tramo VI: RN N.\u00ba A012 reconversi\u00f3n de luminarias a tecnolog\u00eda led provincias de Santa Fe.<br \/>\n\u2022 Corredor vial tramo V &#8211; RN 34 &#8211; km 20.50 a km 22.10 &#8211; recambio a led y puesta en valor del sistema lum\u00ednico &#8211; provincia de Santa Fe.<br \/>\n\u2022 RN N\u00b0 34 &#8211; autopista Rosario &#8211; Sunchales &#8211; RN 0034 &#8211; (duplicaci\u00f3n de calzada (int. R.p. N\u00b0 13 \u2013 Sunchales).<br \/>\n\u2022 Rehabilitaci\u00f3n y mantenimiento malla 235 (rn 1v09) &#8211; rn. 1v09 &#8211; (empalme ruta nacional N\u00ba A012 &#8211; progresiva 498,68 (Bell Ville)<br \/>\n\u2022 RN. N\u00b0 34 &#8211; autopista Rosario &#8211; Sunchales &#8211; rn. 0034 &#8211; (construcci\u00f3n de 2da. Calzada (int. R.n.n\u00ba 19 -r.p.n\u00ba 13)- constr. De variante en Rafaela km 213-219).<br \/>\n\u2022 Rehabilitaci\u00f3n RN 7 &#8211; Sfe &#8211; RN 0007 &#8211; (emp. Acc. Oeste Luj\u00e1n &#8211; lte. C\u00f3rdoba \/ San Luis)<br \/>\n\u2022 Rehabilitaci\u00f3n RN 8 &#8211; Sfe &#8211; RN 0008 &#8211; (r.n. N\u00ba 8 &#8211; n\u00ba 33 &#8211; n\u00ba 36 y a005).<br \/>\n\u2022 RN 0011 \/ RN A009 , tramo: emp. RP n\u00b0 39 (Crespo) &#8211; emp. Rp n\u00b0 31 (Avellaneda);<br \/>\nPuerto Reconquista &#8211; emp. R.n. N\u00ba 11, secci\u00f3n: km 618,45 &#8211; km 794,69; km 0,00 &#8211; km 11,89.<br \/>\n\u2022 RN N\u00ba 33.<br \/>\n\u2022 RN N\u00b0 11.<br \/>\n\u2022 RN N\u00ba 178.<br \/>\n\u2022 Reparaci\u00f3n Puente Carretero Santa Fe &#8211; Santo Tome.<br \/>\n\u2022 Ampliaci\u00f3n de planta potabilizadora en Santa Fe.<br \/>\n\u2022 Ampliaci\u00f3n planta depuradora de l\u00edquidos cloacales 2\u00ba modulo nueva pdcl &#8211; 2\u00b0 etapa (4a y 5a l\u00ednea tratamiento)- Rafaela &#8211; Santa Fe.<br \/>\n\u2022 Rosario Ampliaci\u00f3n de planta Baigorria etapa II.<br \/>\n\u2022 Centro Federal Penitenciario Litoral Argentino Coronda. Santa Fe.<br \/>\n\u2022 Puesta en valor del Monumento Nacional a la Bandera &#8211; etapa II- Rosario.<br \/>\n<strong>\u2022 Sistema de defensa contra inundaciones en Pueblo Los Amores- Dpto Vera.<\/strong><br \/>\n\u2022 Construcci\u00f3n acueducto San Javier &#8211; etapa San Javier &#8211; Tostado &#8211; Provincia de Santa Fe.<br \/>\n\u2022 Readecuaci\u00f3n de las obras de evacuaci\u00f3n del sistema de La Picasa a la Ca\u00f1ada de las Horquetas.<br \/>\n\u2022 Acueducto Gran Rosario &#8211; secci\u00f3n a: acueducto Av. de Circunvalaci\u00f3n etapa II (070agr-acue).<\/p>\n","protected":false},"excerpt":{"rendered":"<p>Provincia y Naci\u00f3n firmaron un acuerdo para la continuidad de obras en Santa Fe. Fue en la ciudad de Buenos Aires, tras una reuni\u00f3n del gobernador Maximiliano Pullaro y el jefe de Gabinete, Guillermo Francos. Se determin\u00f3 qu\u00e9 obras ser\u00e1n finalizadas y financiadas por Naci\u00f3n y cu\u00e1les ser\u00e1n traspasadas al Gobierno provincial para su terminaci\u00f3n. [&hellip;]<\/p>\n","protected":false},"author":3,"featured_media":53063,"comment_status":"closed","ping_status":"closed","sticky":false,"template":"","format":"standard","meta":{"_joinchat":[],"footnotes":""},"categories":[53],"tags":[],"class_list":{"0":"post-53062","1":"post","2":"type-post","3":"status-publish","4":"format-standard","5":"has-post-thumbnail","7":"category-vera"},"_links":{"self":[{"href":"https:\/\/infovera.com.ar\/web\/wp-json\/wp\/v2\/posts\/53062","targetHints":{"allow":["GET"]}}],"collection":[{"href":"https:\/\/infovera.com.ar\/web\/wp-json\/wp\/v2\/posts"}],"about":[{"href":"https:\/\/infovera.com.ar\/web\/wp-json\/wp\/v2\/types\/post"}],"author":[{"embeddable":true,"href":"https:\/\/infovera.com.ar\/web\/wp-json\/wp\/v2\/users\/3"}],"replies":[{"embeddable":true,"href":"https:\/\/infovera.com.ar\/web\/wp-json\/wp\/v2\/comments?post=53062"}],"version-history":[{"count":0,"href":"https:\/\/infovera.com.ar\/web\/wp-json\/wp\/v2\/posts\/53062\/revisions"}],"wp:featuredmedia":[{"embeddable":true,"href":"https:\/\/infovera.com.ar\/web\/wp-json\/wp\/v2\/media\/53063"}],"wp:attachment":[{"href":"https:\/\/infovera.com.ar\/web\/wp-json\/wp\/v2\/media?parent=53062"}],"wp:term":[{"taxonomy":"category","embeddable":true,"href":"https:\/\/infovera.com.ar\/web\/wp-json\/wp\/v2\/categories?post=53062"},{"taxonomy":"post_tag","embeddable":true,"href":"https:\/\/infovera.com.ar\/web\/wp-json\/wp\/v2\/tags?post=53062"}],"curies":[{"name":"wp","href":"https:\/\/api.w.org\/{rel}","templated":true}]}}