{"id":53019,"date":"2024-06-24T12:13:15","date_gmt":"2024-06-24T15:13:15","guid":{"rendered":"https:\/\/infovera.com.ar\/web\/?p=53019"},"modified":"2024-06-25T12:30:49","modified_gmt":"2024-06-25T15:30:49","slug":"hay-que-defender-mucho-el-conjunto-y-ser-orgullosamente-verenses-para-conseguir-mas-obras","status":"publish","type":"post","link":"https:\/\/infovera.com.ar\/web\/2024\/06\/24\/hay-que-defender-mucho-el-conjunto-y-ser-orgullosamente-verenses-para-conseguir-mas-obras\/","title":{"rendered":"Ariel Berm\u00fadez: &#8220;Hay que defender mucho el conjunto y ser orgullosamente verenses para conseguir m\u00e1s obras&#8221;"},"content":{"rendered":"<p>El diputado Ariel Berm\u00fadez estuvo presente en la ciudad en el marco del 132 aniversario.<\/p>\n<p>El legislador se mostr\u00f3 &#8220;muy contento de estar nuevamente ac\u00e1 en Vera&#8221;, dijo que &#8220;es un orgullo que el gobernador venga nuevamente a la ciudad y ver que las obras que para futuro que podemos planificar en conjunto&#8221;.<\/p>\n<p>Respecto a su constante apoyo a la ciudad de Vera desde su funci\u00f3n legislativa, sostuvo que &#8220;soy un habitual visitante de la ciudad de Vera, la intendente Paula Mitre es una persona muy ligada al grupo pol\u00edtico nuestro, al intendente de Rosario, Pablo Javkin. Creo que es una mujer muy valiente, una mujer distinta en el sentido de que pelea por su norte, y cada vez que va a Santa Fe, que es donde se procesan todas las obras y todo lo que es la ayuda para las ciudades, tiene un sentimiento muy fuerte de parte de los funcionarios porque la conocen, porque va, y bueno, es la \u00fanica forma de conseguir cosas para Vera&#8221;.<\/p>\n<p>El diputado tambi\u00e9n destac\u00f3 el trabajo en conjunto con legisladores del norte. &#8220;Vera tiene, despu\u00e9s de Anal\u00eda Schpeir, a un diputado como es Chiqui Rojas, con quien venimos trabajando en conjunto dentro de Unidos, a veces con visiones diferentes. A veces planteamos que al Hospital le falta un mont\u00f3n, pero para m\u00ed fue muy importante que se haya hecho la obra&#8221;.<\/p>\n<p>En ese sentido, puntualiz\u00f3 que &#8220;por ah\u00ed algunos verenses dicen de que no tendr\u00edamos que haber hecho la obra si no ten\u00edamos el personal adecuado para poder mantener el Hospital. Pero bueno, yo no quiero, ni acepto, ni digo que tengamos que ser el descarte de Reconquista, al contrario, Vera es cabecera del departamento, tenemos que bajar la mayor cantidad de obras. Y eso es lo que hacemos en Vera, trabajar todos en conjunto, el senador, la intendenta, los concejales, y todo para el bien de Vera, ya que es una zona muy afectada, a veces que no hay producci\u00f3n y tenemos que traer obras de afuera, lo que fue la Terminal, lo que fue la construcci\u00f3n del Hospital y seguir con cosas estrat\u00e9gicas o de cuestiones de estado que trabajamos todos juntos&#8221;.<\/p>\n<p><a href=\"https:\/\/infovera.com.ar\/web\/wp-content\/uploads\/2024\/06\/bv.jpg\"><img loading=\"lazy\" decoding=\"async\" class=\"alignleft size-full wp-image-53021\" src=\"https:\/\/infovera.com.ar\/web\/wp-content\/uploads\/2024\/06\/bv.jpg\" alt=\"\" width=\"1600\" height=\"1388\" srcset=\"https:\/\/infovera.com.ar\/web\/wp-content\/uploads\/2024\/06\/bv.jpg 1600w, https:\/\/infovera.com.ar\/web\/wp-content\/uploads\/2024\/06\/bv-696x604.jpg 696w, https:\/\/infovera.com.ar\/web\/wp-content\/uploads\/2024\/06\/bv-1068x926.jpg 1068w, https:\/\/infovera.com.ar\/web\/wp-content\/uploads\/2024\/06\/bv-484x420.jpg 484w, https:\/\/infovera.com.ar\/web\/wp-content\/uploads\/2024\/06\/bv-534x462.jpg 534w\" sizes=\"auto, (max-width: 1600px) 100vw, 1600px\" \/><\/a><\/p>\n<p><strong>&#8211; Lo llevo un poco al plano provincial, altos niveles de aceptaci\u00f3n tiene la gesti\u00f3n de Maximiliano Pullaro en todo el territorio, \u00bfc\u00f3mo ve esto? <\/strong><\/p>\n<p>&#8211; Yo veo una presencia del gobernador en todas partes, que no descansa, que est\u00e1 todo el d\u00eda con sus ministros trabajando, una persona que en Rosario nos ha ayudado ya que vemos m\u00e1s patrulleros, mayor seguridad, y bueno, y ahora viene la otra parte, donde necesitamos mucha ayuda tambi\u00e9n de Naci\u00f3n, donde hay un gobierno distinto y con un pensamiento a veces distinto, pero bueno, el di\u00e1logo es fundamental y creo que el gobernador est\u00e1 expresando permanentemente el pedido de federalismo que tanto necesitamos y es la pelea hist\u00f3rica del pa\u00eds.<\/p>\n<p><strong> &#8211; En la \u00faltima semana usted ha sido reelecto al frente del Comit\u00e9 de la Hidrov\u00eda de la Legislatura, \u00bfqu\u00e9 mirada tiene sobre ese tema? <\/strong><\/p>\n<p>&#8211; Me han elegido mis pares presidente de la Comisi\u00f3n de Hidrov\u00eda, planteamos temas estructurales. Creemos que la mayor producci\u00f3n del pa\u00eds y los mayores puertos de toda Sudam\u00e9rica est\u00e1n en la zona del cord\u00f3n industrial, cerca de Rosario, y creemos que es fundamental que la Hidrov\u00eda deje algo para la provincia. Creemos que tenemos una Comisi\u00f3n de Hidrov\u00eda, donde est\u00e1 formada por cada uno de los bloques, ya vimos un planteo importante de parte de Santa Fe, donde plantea un calado tambi\u00e9n para su puerto y que sea operativo, y en la zona de Rosario y el cord\u00f3n se est\u00e1 discutiendo mucho, aparte del tema de la Hidrov\u00eda, a qui\u00e9n se va a hacer la concesi\u00f3n y dragado, el tema de los puertos y los caminos. Los caminos que llegan a esos puertos, que a veces son antiguos, que no tienen infraestructura, se est\u00e1 trabajando sobre la tasa vial y sobre todo lo que es la inversi\u00f3n en llegar hasta los puertos.<\/p>\n<p>&#8211; \u00bfCu\u00e1 es su mensaje a los verenses en esta jornada tan especia?<\/p>\n<p>&#8211; Bueno, primero mi cari\u00f1o al pueblo verense, gracias por recibirme de esa manera en que lo hacen. Veo una Vera que puede avanzar, que tiene un futuro, que tiene un gobernador que est\u00e1 presente tambi\u00e9n, y bueno, fundamentalmente la gesti\u00f3n de Paula Mitre, creo que ha habido un cambio, que ha habido un antes y un despu\u00e9s, donde Santa Fe mira y la provincia mira mucho a Vera. Hay que defender mucho el conjunto, y ser orgullosamente verenses para conseguir m\u00e1s obras, para tener esperanza; a los j\u00f3venes les digo que estudien, que trabajen, que se formen, y que entre todos hagamos un Vera m\u00e1s productiva&#8221;.<\/p>\n","protected":false},"excerpt":{"rendered":"<p>El diputado Ariel Berm\u00fadez estuvo presente en la ciudad en el marco del 132 aniversario. El legislador se mostr\u00f3 &#8220;muy contento de estar nuevamente ac\u00e1 en Vera&#8221;, dijo que &#8220;es un orgullo que el gobernador venga nuevamente a la ciudad y ver que las obras que para futuro que podemos planificar en conjunto&#8221;. Respecto a [&hellip;]<\/p>\n","protected":false},"author":3,"featured_media":53020,"comment_status":"closed","ping_status":"closed","sticky":false,"template":"","format":"standard","meta":{"_joinchat":[],"footnotes":""},"categories":[53],"tags":[],"class_list":{"0":"post-53019","1":"post","2":"type-post","3":"status-publish","4":"format-standard","5":"has-post-thumbnail","7":"category-vera"},"_links":{"self":[{"href":"https:\/\/infovera.com.ar\/web\/wp-json\/wp\/v2\/posts\/53019","targetHints":{"allow":["GET"]}}],"collection":[{"href":"https:\/\/infovera.com.ar\/web\/wp-json\/wp\/v2\/posts"}],"about":[{"href":"https:\/\/infovera.com.ar\/web\/wp-json\/wp\/v2\/types\/post"}],"author":[{"embeddable":true,"href":"https:\/\/infovera.com.ar\/web\/wp-json\/wp\/v2\/users\/3"}],"replies":[{"embeddable":true,"href":"https:\/\/infovera.com.ar\/web\/wp-json\/wp\/v2\/comments?post=53019"}],"version-history":[{"count":0,"href":"https:\/\/infovera.com.ar\/web\/wp-json\/wp\/v2\/posts\/53019\/revisions"}],"wp:featuredmedia":[{"embeddable":true,"href":"https:\/\/infovera.com.ar\/web\/wp-json\/wp\/v2\/media\/53020"}],"wp:attachment":[{"href":"https:\/\/infovera.com.ar\/web\/wp-json\/wp\/v2\/media?parent=53019"}],"wp:term":[{"taxonomy":"category","embeddable":true,"href":"https:\/\/infovera.com.ar\/web\/wp-json\/wp\/v2\/categories?post=53019"},{"taxonomy":"post_tag","embeddable":true,"href":"https:\/\/infovera.com.ar\/web\/wp-json\/wp\/v2\/tags?post=53019"}],"curies":[{"name":"wp","href":"https:\/\/api.w.org\/{rel}","templated":true}]}}