{"id":52994,"date":"2024-06-23T12:30:32","date_gmt":"2024-06-23T15:30:32","guid":{"rendered":"https:\/\/infovera.com.ar\/web\/?p=52994"},"modified":"2024-06-23T12:30:32","modified_gmt":"2024-06-23T15:30:32","slug":"casa-de-la-cultura-la-queja-de-un-escritor-peronista-por-haber-quedado-afuera-del-acto","status":"publish","type":"post","link":"https:\/\/infovera.com.ar\/web\/2024\/06\/23\/casa-de-la-cultura-la-queja-de-un-escritor-peronista-por-haber-quedado-afuera-del-acto\/","title":{"rendered":"Casa de la Cultura: la queja de un escritor &#8220;peronista&#8221; por haber quedado afuera del acto"},"content":{"rendered":"<p>&#8220;La Cultura para algunos\u2026, o mejor dicho: &#8216;Si sos peronista no sos escritor'&#8221;.<\/p>\n<p>Con esa frase a modo de descargo el escritor Sixto Gonz\u00e1lez hizo p\u00fablica su indignaci\u00f3n por no haber sido invitado a la ceremonia de inauguraci\u00f3n de la Casa de Cultura de Vera.<\/p>\n<p>En un mensaje cr\u00edtico dirigido al gobierno verense, fustig\u00f3: &#8220;Quiero recordarle a los &#8216;sectarios&#8217; que llevan adelante el emprendimiento, que escrib\u00ed Cinco Libros (sic), algunos sobre la Historia de Nuestra Ciudad y el \u00faltimo, &#8216;El Ajedrecista&#8217;, es una novela que logr\u00f3 reconocimiento m\u00e1s all\u00e1 de estos confines. Pero claro, soy opositor y no conviene mi presencia. No podar\u00e1n mi arte, personas superficiales, dictatoriales y censuradoras&#8221;.<\/p>\n<p>Gonz\u00e1lez apunt\u00f3: &#8220;Para su bien o su mal, seguir\u00e9 haciendo que el sentir de mi pueblo llegue lejos, para mediocres ya est\u00e1n ellos&#8221;.<\/p>\n<p>Su publicaci\u00f3n en Facebook super\u00f3 los 100 likes y cosech\u00f3 adhesiones, como la de CH, que coment\u00f3: &#8220;Bueno Sixto, nada me sorprende, vos sos escritor, y somos muchos los integrantes de la Federaci\u00f3n de Cooperadoras Escolares del Dpto. Vera, y tampoco fuimos invitados como deber\u00edan haberlo hecho, no se por qu\u00e9 no lleg\u00f3 la invitaci\u00f3n, pues somos los responsables ee entregar el dinero del FAE a las escuelas de todo el distrito, una m\u00e1s para contar&#8221;.<\/p>\n","protected":false},"excerpt":{"rendered":"<p>&#8220;La Cultura para algunos\u2026, o mejor dicho: &#8216;Si sos peronista no sos escritor&#8217;&#8221;. Con esa frase a modo de descargo el escritor Sixto Gonz\u00e1lez hizo p\u00fablica su indignaci\u00f3n por no haber sido invitado a la ceremonia de inauguraci\u00f3n de la Casa de Cultura de Vera. En un mensaje cr\u00edtico dirigido al gobierno verense, fustig\u00f3: &#8220;Quiero [&hellip;]<\/p>\n","protected":false},"author":3,"featured_media":52995,"comment_status":"closed","ping_status":"closed","sticky":false,"template":"","format":"standard","meta":{"_joinchat":[],"footnotes":""},"categories":[53],"tags":[],"class_list":{"0":"post-52994","1":"post","2":"type-post","3":"status-publish","4":"format-standard","5":"has-post-thumbnail","7":"category-vera"},"_links":{"self":[{"href":"https:\/\/infovera.com.ar\/web\/wp-json\/wp\/v2\/posts\/52994","targetHints":{"allow":["GET"]}}],"collection":[{"href":"https:\/\/infovera.com.ar\/web\/wp-json\/wp\/v2\/posts"}],"about":[{"href":"https:\/\/infovera.com.ar\/web\/wp-json\/wp\/v2\/types\/post"}],"author":[{"embeddable":true,"href":"https:\/\/infovera.com.ar\/web\/wp-json\/wp\/v2\/users\/3"}],"replies":[{"embeddable":true,"href":"https:\/\/infovera.com.ar\/web\/wp-json\/wp\/v2\/comments?post=52994"}],"version-history":[{"count":0,"href":"https:\/\/infovera.com.ar\/web\/wp-json\/wp\/v2\/posts\/52994\/revisions"}],"wp:featuredmedia":[{"embeddable":true,"href":"https:\/\/infovera.com.ar\/web\/wp-json\/wp\/v2\/media\/52995"}],"wp:attachment":[{"href":"https:\/\/infovera.com.ar\/web\/wp-json\/wp\/v2\/media?parent=52994"}],"wp:term":[{"taxonomy":"category","embeddable":true,"href":"https:\/\/infovera.com.ar\/web\/wp-json\/wp\/v2\/categories?post=52994"},{"taxonomy":"post_tag","embeddable":true,"href":"https:\/\/infovera.com.ar\/web\/wp-json\/wp\/v2\/tags?post=52994"}],"curies":[{"name":"wp","href":"https:\/\/api.w.org\/{rel}","templated":true}]}}