{"id":52978,"date":"2024-06-22T13:00:54","date_gmt":"2024-06-22T16:00:54","guid":{"rendered":"https:\/\/infovera.com.ar\/web\/?p=52978"},"modified":"2024-06-22T13:00:54","modified_gmt":"2024-06-22T16:00:54","slug":"cococcioni-el-canibal-laferrara-suelto-era-una-bomba-de-tiempo-para-los-santafesinos","status":"publish","type":"post","link":"https:\/\/infovera.com.ar\/web\/2024\/06\/22\/cococcioni-el-canibal-laferrara-suelto-era-una-bomba-de-tiempo-para-los-santafesinos\/","title":{"rendered":"Cococcioni: \u201cEl Can\u00edbal Laferrara suelto era una bomba de tiempo para los santafesinos\u201d"},"content":{"rendered":"<p>El ministro de Seguridad brind\u00f3 detalles de la detenci\u00f3n del jefe de los sicarios de la banda del narco Esteban Lindor Alvarado. Confirm\u00f3 que se manejaba la hip\u00f3tesis de que estaba tramando ataques de alto impacto. Laferrara, detenido anoche en Andino, se hab\u00eda fugado en octubre de la c\u00e1rcel federal de Devoto, en Buenos Aires, en un container de basura.<\/p>\n<p>\u201cEstamos hablando de una persona que ha matado por encargo, a sangre fr\u00eda. Para decirlo en pocas palabras: no era un soldadito que sale y mata, no era alguien que improvisaba; era una persona de temer\u201d.<\/p>\n<p><iframe loading=\"lazy\" title=\"As\u00ed detuvieron al Can\u00edbal Laferrara, jefe de sicarios de Lindor Alvarado\" width=\"696\" height=\"392\" src=\"https:\/\/www.youtube.com\/embed\/0rcc-AIHB94?feature=oembed\" frameborder=\"0\" allow=\"accelerometer; autoplay; clipboard-write; encrypted-media; gyroscope; picture-in-picture; web-share\" referrerpolicy=\"strict-origin-when-cross-origin\" allowfullscreen><\/iframe><\/p>\n<p>As\u00ed describi\u00f3 el ministro de Justicia y Seguridad de la Provincia, Pablo Cococcioni a Mauricio \u201cCan\u00edbal\u201d Laferrara, de 28 a\u00f1os, el sicario detenido el viernes a la tarde en Andino, departamento Iriondo, donde se ocultaba tras haberse fugado de la c\u00e1rcel federal de Devoto en octubre pasado, en un container de basura.<\/p>\n<p>Laferrara era el jefe de sicarios de la banda del narco rosarino Esteban Lindor Alvarado, quien est\u00e1 detenido. El Can\u00edbal cumpl\u00eda condena por siete asesinatos comprobados. Ahora qued\u00f3 a disposici\u00f3n del Servicio Penitenciario Federal.<\/p>\n<p>En declaraciones a la prensa, este s\u00e1bado, el ministro Cococcioni destac\u00f3: \u201cPara que se entienda la importancia de esta aprehensi\u00f3n: Laferrara era un objetivo estrat\u00e9gico de seguridad para Naci\u00f3n y Provincia\u201d. Y relat\u00f3 que \u201cse hab\u00eda fugado pocos meses antes de que asumi\u00e9ramos los nuevos gobiernos provincial y nacional. Se hab\u00eda fugado de una c\u00e1rcel federal de Buenos Aires donde lo hab\u00edan derivado precisamente para que no se fugue de Pi\u00f1ero\u201d, record\u00f3 el funcionario.<\/p>\n<p>Esa decisi\u00f3n con Laferrara se tom\u00f3 tras la masiva fuga ocurrida en 2021 de la c\u00e1rcel de Pi\u00f1ero, en la que escaparon en una operaci\u00f3n comando Claudio \u201cMorocho\u201d Mansilla y otros peligrosos delincuentes, luego recapturados. \u201cEl gobierno de Santa Fe de ese momento, en aquella gesti\u00f3n, lo define como de alto perfil. Pero para esa esa gesti\u00f3n alto perfil era solo un r\u00f3tulo: no ten\u00eda restricciones en sus movimientos y vida diaria. Le pon\u00edan el r\u00f3tulo de alto perfil pero el riesgo segu\u00eda siendo tan alto como antes de esa denominaci\u00f3n\u201d.<\/p>\n<p>Cococcioni agreg\u00f3 que en ese momento \u201cse hicieron gestiones desde Santa Fe para que se lo lleven junto a otros tambi\u00e9n considerados de mayor riesgo al Servicio Penitenciario Federal\u201d.<\/p>\n<p>\u201cLaferrara deambul\u00f3 por varios establecimientos federales, porque en alg\u00fan momento hab\u00eda coincidido que lo hab\u00edan trasladado al mismo penal donde estaban los l\u00edderes de Los Monos\u201d, rememor\u00f3. Vale se\u00f1alar que la banda de Los Monos y la de Alvarado est\u00e1n enfrentadas. \u201cSe dan cuenta del error, lo trasladan. Va a parar al penal de Devoto hasta que en un momento notan que no estaba.<\/p>\n<p>Despu\u00e9s descubren c\u00f3mo fue la fuga, que sali\u00f3 en un container de basura, una maniobra con algo de complejidad\u201d, agreg\u00f3 el funcionario. \u201cEn un momento no se sab\u00eda si estaba vivo o muerto; si estaba en el pa\u00eds o no. Hablamos del jefe de sicarios de la banda de Alvarado. As\u00ed como a \u00e9l casi lo hacen fugar en un helic\u00f3ptero se especulaba con que a Ferrara lo hab\u00edan ayudado a escapar a un pa\u00eds lim\u00edtrofe. Por eso hab\u00eda alerta roja de Interpol con pedido de b\u00fasqueda y extradici\u00f3n\u201d.<\/p>\n<p>Nuevo gesti\u00f3n y trabajo conjunto<\/p>\n<p>Con la asunci\u00f3n de las nuevas gestiones, nacional y provincial, Laferrara pas\u00f3 a ser un objetivo principal por el peligro que significaba esta persona en libertad. \u201cHab\u00eda rumores de que Can\u00edbal estaba planeando un crimen de alto impacto pol\u00edtico. Solo podemos conjeturar porque de estos temas no suele haber evidencias concretas. Lo cierto es que la persona n\u00famero 1 a la que habr\u00eda mandado Alvarado para cometer un hecho de ese nivel de atrocidad o de otros hechos contra la poblaci\u00f3n civil, era \u00e9l. En cualquier caso era una bomba de tiempo para los santafesinos que esta persona estuviera en libertad\u201d, afirm\u00f3 el ministro.<\/p>\n<p>Sobre el procedimiento conjunto del viernes, Cococcioni dijo: \u201cTen\u00edamos casi confirmado, pero no lo pod\u00edamos confirmar hace algunos meses, que Laferrara estaba en Andino. Era un riesgo muy alto entrar sin tener la certeza de que iba a estar ah\u00ed, porque de alguna manera se quemaba la operaci\u00f3n y si se descubr\u00eda lo perd\u00edamos para siempre. Por eso se tom\u00f3 la decisi\u00f3n de aguardar hasta tener confirmaci\u00f3n, evidencia concreta de que estaba, una fotograf\u00eda incluso y reci\u00e9n ah\u00ed se tom\u00f3 la decisi\u00f3n de intervenir porque el riesgo de perderlo de vista era muy alto, junto al riesgo en homicidios futuros\u201d.<\/p>\n<p>Vale se\u00f1alar que para el procedimiento fue clave el trabajo entre la creada \u00e1rea de Inteligencia Criminal en la Provincia, y el trabajo mancomunado con Naci\u00f3n, la Justicia Federal, el Ministerio P\u00fablico Fiscal de la Naci\u00f3n, el Ministerio P\u00fablico de la Acusaci\u00f3n, y el Poder Judicial. Eso termin\u00f3 en la detenci\u00f3n de Laferrara, y que adem\u00e1s quedaran a disposici\u00f3n de la Justicia un hombre y una mujer.<\/p>\n","protected":false},"excerpt":{"rendered":"<p>El ministro de Seguridad brind\u00f3 detalles de la detenci\u00f3n del jefe de los sicarios de la banda del narco Esteban Lindor Alvarado. Confirm\u00f3 que se manejaba la hip\u00f3tesis de que estaba tramando ataques de alto impacto. Laferrara, detenido anoche en Andino, se hab\u00eda fugado en octubre de la c\u00e1rcel federal de Devoto, en Buenos Aires, [&hellip;]<\/p>\n","protected":false},"author":3,"featured_media":52979,"comment_status":"closed","ping_status":"closed","sticky":false,"template":"","format":"standard","meta":{"_joinchat":[],"footnotes":""},"categories":[30,60],"tags":[],"class_list":{"0":"post-52978","1":"post","2":"type-post","3":"status-publish","4":"format-standard","5":"has-post-thumbnail","7":"category-policiales","8":"category-provinciales"},"_links":{"self":[{"href":"https:\/\/infovera.com.ar\/web\/wp-json\/wp\/v2\/posts\/52978","targetHints":{"allow":["GET"]}}],"collection":[{"href":"https:\/\/infovera.com.ar\/web\/wp-json\/wp\/v2\/posts"}],"about":[{"href":"https:\/\/infovera.com.ar\/web\/wp-json\/wp\/v2\/types\/post"}],"author":[{"embeddable":true,"href":"https:\/\/infovera.com.ar\/web\/wp-json\/wp\/v2\/users\/3"}],"replies":[{"embeddable":true,"href":"https:\/\/infovera.com.ar\/web\/wp-json\/wp\/v2\/comments?post=52978"}],"version-history":[{"count":0,"href":"https:\/\/infovera.com.ar\/web\/wp-json\/wp\/v2\/posts\/52978\/revisions"}],"wp:featuredmedia":[{"embeddable":true,"href":"https:\/\/infovera.com.ar\/web\/wp-json\/wp\/v2\/media\/52979"}],"wp:attachment":[{"href":"https:\/\/infovera.com.ar\/web\/wp-json\/wp\/v2\/media?parent=52978"}],"wp:term":[{"taxonomy":"category","embeddable":true,"href":"https:\/\/infovera.com.ar\/web\/wp-json\/wp\/v2\/categories?post=52978"},{"taxonomy":"post_tag","embeddable":true,"href":"https:\/\/infovera.com.ar\/web\/wp-json\/wp\/v2\/tags?post=52978"}],"curies":[{"name":"wp","href":"https:\/\/api.w.org\/{rel}","templated":true}]}}