{"id":52972,"date":"2024-06-22T12:16:48","date_gmt":"2024-06-22T15:16:48","guid":{"rendered":"https:\/\/infovera.com.ar\/web\/?p=52972"},"modified":"2024-06-22T12:16:48","modified_gmt":"2024-06-22T15:16:48","slug":"llega-el-invierno-con-todo-su-esplendor","status":"publish","type":"post","link":"https:\/\/infovera.com.ar\/web\/2024\/06\/22\/llega-el-invierno-con-todo-su-esplendor\/","title":{"rendered":"Llega el invierno con todo su esplendor"},"content":{"rendered":"<p>Aire fr\u00edo en camino. \u00bfCu\u00e1ndo llega?<\/p>\n<p>Se vienen cumpliendo todas las perspectivas adelantadas.<\/p>\n<p>Para hoy s\u00e1bado b\u00f3veda de cielo con nubosidad variable, m\u00e1xima de 20\u00b0C con probable inestabilidad y humedad.<\/p>\n<p>A partir de esta noche y ma\u00f1ana del domingo, ingresa una masa de aire fr\u00edo de origen polar generando r\u00e1fagas del sector S con un posterior y marcado descenso de las temperaturas.<\/p>\n<p>Atenci\u00f3n el viento, las r\u00e1fagas pueden superar los 45 km\/h.<\/p>\n<p>Las condiciones tienden a mejorar a partir de la ma\u00f1ana\/mediod\u00eda del domingo.<\/p>\n<p>Se vienen d\u00edas fr\u00edos para prestar atenci\u00f3n con gente en situaci\u00f3n de calle.<\/p>\n<p>Fuente: CMMC<\/p>\n","protected":false},"excerpt":{"rendered":"<p>Aire fr\u00edo en camino. \u00bfCu\u00e1ndo llega? Se vienen cumpliendo todas las perspectivas adelantadas. Para hoy s\u00e1bado b\u00f3veda de cielo con nubosidad variable, m\u00e1xima de 20\u00b0C con probable inestabilidad y humedad. A partir de esta noche y ma\u00f1ana del domingo, ingresa una masa de aire fr\u00edo de origen polar generando r\u00e1fagas del sector S con un [&hellip;]<\/p>\n","protected":false},"author":3,"featured_media":5235,"comment_status":"closed","ping_status":"closed","sticky":false,"template":"","format":"standard","meta":{"_joinchat":[],"footnotes":""},"categories":[61],"tags":[],"class_list":{"0":"post-52972","1":"post","2":"type-post","3":"status-publish","4":"format-standard","5":"has-post-thumbnail","7":"category-regionales"},"_links":{"self":[{"href":"https:\/\/infovera.com.ar\/web\/wp-json\/wp\/v2\/posts\/52972","targetHints":{"allow":["GET"]}}],"collection":[{"href":"https:\/\/infovera.com.ar\/web\/wp-json\/wp\/v2\/posts"}],"about":[{"href":"https:\/\/infovera.com.ar\/web\/wp-json\/wp\/v2\/types\/post"}],"author":[{"embeddable":true,"href":"https:\/\/infovera.com.ar\/web\/wp-json\/wp\/v2\/users\/3"}],"replies":[{"embeddable":true,"href":"https:\/\/infovera.com.ar\/web\/wp-json\/wp\/v2\/comments?post=52972"}],"version-history":[{"count":0,"href":"https:\/\/infovera.com.ar\/web\/wp-json\/wp\/v2\/posts\/52972\/revisions"}],"wp:featuredmedia":[{"embeddable":true,"href":"https:\/\/infovera.com.ar\/web\/wp-json\/wp\/v2\/media\/5235"}],"wp:attachment":[{"href":"https:\/\/infovera.com.ar\/web\/wp-json\/wp\/v2\/media?parent=52972"}],"wp:term":[{"taxonomy":"category","embeddable":true,"href":"https:\/\/infovera.com.ar\/web\/wp-json\/wp\/v2\/categories?post=52972"},{"taxonomy":"post_tag","embeddable":true,"href":"https:\/\/infovera.com.ar\/web\/wp-json\/wp\/v2\/tags?post=52972"}],"curies":[{"name":"wp","href":"https:\/\/api.w.org\/{rel}","templated":true}]}}