{"id":52910,"date":"2024-06-19T15:03:53","date_gmt":"2024-06-19T18:03:53","guid":{"rendered":"https:\/\/infovera.com.ar\/web\/?p=52910"},"modified":"2024-06-19T15:03:53","modified_gmt":"2024-06-19T18:03:53","slug":"primer-encuentro-interbarrial-de-la-escuelita-deportiva-de-futbol-de-espacio-abierto","status":"publish","type":"post","link":"https:\/\/infovera.com.ar\/web\/2024\/06\/19\/primer-encuentro-interbarrial-de-la-escuelita-deportiva-de-futbol-de-espacio-abierto\/","title":{"rendered":"Primer encuentro interbarrial de la escuelita deportiva de f\u00fatbol de Espacio Abierto"},"content":{"rendered":"<p>&#8220;Hoy, que estamos atravesados por las redes, es importarte que los ni\u00f1os y ni\u00f1as se desconecten, que vuelvan a disfrutar de actividades al aire libre. Desde las escuelitas barriales promovemos la recuperaci\u00f3n y revalorizaci\u00f3n de estos espacios&#8221;, afirm\u00f3 Chiqui Rojas<\/p>\n<p>El pasado s\u00e1bado se realiz\u00f3 un exitoso encuentro en el polideportivo de la ciudad de Vera, organizado por Espacio Abierto, del cual participaron m\u00e1s de 120 ni\u00f1os y ni\u00f1as de las diferentes escuelitas barriales de f\u00fatbol mixto que coordina el profesor Juan Carlos Friggeri.<\/p>\n<p>Rojas agradeci\u00f3 la participaci\u00f3n tanto de los ni\u00f1os y ni\u00f1as como la de sus familias, remarcando que \u201cel objetivo de las escuelitas barriales trasciende lo deportivo. Trabajamos en el fortalecimiento de valores, en fomentar los v\u00ednculos y la integraci\u00f3n entre los ni\u00f1os. Luego del encuentro tuvimos la oportunidad de compartir un refrigerio con los participantes y sus familias, pudimos conocerlos un poco m\u00e1s, fue una jornada muy linda y enriquecedora para todos\u201d.<\/p>\n<p>El deporte es una herramienta transformadora. Junto a Ana Paula Capello y el Gringo nos propusimos acercar y fomentar el deporte en los barrios, que todos los ni\u00f1os y ni\u00f1as tengan la posibilidad de hacerlo cerca de su casa, que las madres y los padres est\u00e9n tranquilos porque est\u00e1n en un entorno seguro, bajo la supervisi\u00f3n de gente responsable y capacitada.\u201d<\/p>\n<p>Por \u00faltimo, Rojas hizo una menci\u00f3n especial al equipo de trabajo: \u201cEl gringo Friggeri es una persona con experiencia y una destacada trayectoria, y est\u00e1 acompa\u00f1ado por un grupo de profes que comparten y transmiten la idea de que, m\u00e1s all\u00e1 de competir, lo importante es divertirse, hacer nuevos amigos y compartir un lindo momento.\u201d<\/p>\n","protected":false},"excerpt":{"rendered":"<p>&#8220;Hoy, que estamos atravesados por las redes, es importarte que los ni\u00f1os y ni\u00f1as se desconecten, que vuelvan a disfrutar de actividades al aire libre. Desde las escuelitas barriales promovemos la recuperaci\u00f3n y revalorizaci\u00f3n de estos espacios&#8221;, afirm\u00f3 Chiqui Rojas El pasado s\u00e1bado se realiz\u00f3 un exitoso encuentro en el polideportivo de la ciudad de [&hellip;]<\/p>\n","protected":false},"author":3,"featured_media":52911,"comment_status":"closed","ping_status":"closed","sticky":false,"template":"","format":"standard","meta":{"_joinchat":[],"footnotes":""},"categories":[31,53],"tags":[],"class_list":{"0":"post-52910","1":"post","2":"type-post","3":"status-publish","4":"format-standard","5":"has-post-thumbnail","7":"category-deportes","8":"category-vera"},"_links":{"self":[{"href":"https:\/\/infovera.com.ar\/web\/wp-json\/wp\/v2\/posts\/52910","targetHints":{"allow":["GET"]}}],"collection":[{"href":"https:\/\/infovera.com.ar\/web\/wp-json\/wp\/v2\/posts"}],"about":[{"href":"https:\/\/infovera.com.ar\/web\/wp-json\/wp\/v2\/types\/post"}],"author":[{"embeddable":true,"href":"https:\/\/infovera.com.ar\/web\/wp-json\/wp\/v2\/users\/3"}],"replies":[{"embeddable":true,"href":"https:\/\/infovera.com.ar\/web\/wp-json\/wp\/v2\/comments?post=52910"}],"version-history":[{"count":0,"href":"https:\/\/infovera.com.ar\/web\/wp-json\/wp\/v2\/posts\/52910\/revisions"}],"wp:featuredmedia":[{"embeddable":true,"href":"https:\/\/infovera.com.ar\/web\/wp-json\/wp\/v2\/media\/52911"}],"wp:attachment":[{"href":"https:\/\/infovera.com.ar\/web\/wp-json\/wp\/v2\/media?parent=52910"}],"wp:term":[{"taxonomy":"category","embeddable":true,"href":"https:\/\/infovera.com.ar\/web\/wp-json\/wp\/v2\/categories?post=52910"},{"taxonomy":"post_tag","embeddable":true,"href":"https:\/\/infovera.com.ar\/web\/wp-json\/wp\/v2\/tags?post=52910"}],"curies":[{"name":"wp","href":"https:\/\/api.w.org\/{rel}","templated":true}]}}