{"id":52819,"date":"2024-06-13T18:47:20","date_gmt":"2024-06-13T21:47:20","guid":{"rendered":"https:\/\/infovera.com.ar\/web\/?p=52819"},"modified":"2024-06-13T18:47:20","modified_gmt":"2024-06-13T21:47:20","slug":"se-normaliza-el-servicio-de-agua-en-vera","status":"publish","type":"post","link":"https:\/\/infovera.com.ar\/web\/2024\/06\/13\/se-normaliza-el-servicio-de-agua-en-vera\/","title":{"rendered":"Se normaliza el servicio de agua en Vera"},"content":{"rendered":"<p>La Cooperativa de Producci\u00f3n de Obras y Servicios P\u00fablicos de Vera (COSVEL) informa a sus usuarios que ha culminado la reparaci\u00f3n del acueducto en Malabrigo, por lo que comenz\u00f3 a llegar el flujo de agua a Vera, normaliz\u00e1ndose as\u00ed en las pr\u00f3ximas horas el abastecimiento en nuestra red.<\/p>\n<p>Agradecemos el acompa\u00f1amiento de ustedes ante el cuidado y uso racional del agua durante todos los d\u00edas, lo que nos permiti\u00f3 sostener el abastecimiento.<\/p>\n","protected":false},"excerpt":{"rendered":"<p>La Cooperativa de Producci\u00f3n de Obras y Servicios P\u00fablicos de Vera (COSVEL) informa a sus usuarios que ha culminado la reparaci\u00f3n del acueducto en Malabrigo, por lo que comenz\u00f3 a llegar el flujo de agua a Vera, normaliz\u00e1ndose as\u00ed en las pr\u00f3ximas horas el abastecimiento en nuestra red. Agradecemos el acompa\u00f1amiento de ustedes ante el [&hellip;]<\/p>\n","protected":false},"author":3,"featured_media":47812,"comment_status":"closed","ping_status":"closed","sticky":false,"template":"","format":"standard","meta":{"_joinchat":[],"footnotes":""},"categories":[53],"tags":[],"class_list":{"0":"post-52819","1":"post","2":"type-post","3":"status-publish","4":"format-standard","5":"has-post-thumbnail","7":"category-vera"},"_links":{"self":[{"href":"https:\/\/infovera.com.ar\/web\/wp-json\/wp\/v2\/posts\/52819","targetHints":{"allow":["GET"]}}],"collection":[{"href":"https:\/\/infovera.com.ar\/web\/wp-json\/wp\/v2\/posts"}],"about":[{"href":"https:\/\/infovera.com.ar\/web\/wp-json\/wp\/v2\/types\/post"}],"author":[{"embeddable":true,"href":"https:\/\/infovera.com.ar\/web\/wp-json\/wp\/v2\/users\/3"}],"replies":[{"embeddable":true,"href":"https:\/\/infovera.com.ar\/web\/wp-json\/wp\/v2\/comments?post=52819"}],"version-history":[{"count":0,"href":"https:\/\/infovera.com.ar\/web\/wp-json\/wp\/v2\/posts\/52819\/revisions"}],"wp:featuredmedia":[{"embeddable":true,"href":"https:\/\/infovera.com.ar\/web\/wp-json\/wp\/v2\/media\/47812"}],"wp:attachment":[{"href":"https:\/\/infovera.com.ar\/web\/wp-json\/wp\/v2\/media?parent=52819"}],"wp:term":[{"taxonomy":"category","embeddable":true,"href":"https:\/\/infovera.com.ar\/web\/wp-json\/wp\/v2\/categories?post=52819"},{"taxonomy":"post_tag","embeddable":true,"href":"https:\/\/infovera.com.ar\/web\/wp-json\/wp\/v2\/tags?post=52819"}],"curies":[{"name":"wp","href":"https:\/\/api.w.org\/{rel}","templated":true}]}}