{"id":52804,"date":"2024-06-13T09:41:50","date_gmt":"2024-06-13T12:41:50","guid":{"rendered":"https:\/\/infovera.com.ar\/web\/?p=52804"},"modified":"2024-06-13T18:35:40","modified_gmt":"2024-06-13T21:35:40","slug":"fallecio-la-madre-del-concejal-y-exintendente-reynaldo-fabbroni","status":"publish","type":"post","link":"https:\/\/infovera.com.ar\/web\/2024\/06\/13\/fallecio-la-madre-del-concejal-y-exintendente-reynaldo-fabbroni\/","title":{"rendered":"Falleci\u00f3 la madre del concejal y exintendente Reynaldo Fabbroni"},"content":{"rendered":"<p>Edith Cavallo de Fabbroni falleci\u00f3 a las 2:30 este jueves 13 de junio a la edad de 90 a\u00f1os.<\/p>\n<p>Se trata de la madre del concejal y exintendente Reynaldo Fabbroni.<\/p>\n<p>Reno la despidi\u00f3 con estas palabras: &#8220;El cielo se llev\u00f3 un \u00e1ngel. Gracias por todo mam\u00e1. Por lo que somos&#8221;.<\/p>\n<div class=\"x11i5rnm xat24cr x1mh8g0r x1vvkbs xtlvy1s x126k92a\">\n<div dir=\"auto\">Velatorio: Sala N\u00b0 1, 25 de Mayo 1864<\/div>\n<div dir=\"auto\">Sepelio: El 13 Junio a las 17hs en el Cementerio Municipal de Vera.<\/div>\n<\/div>\n<div class=\"x11i5rnm xat24cr x1mh8g0r x1vvkbs xtlvy1s x126k92a\">\n<div dir=\"auto\">Hijos: Reynaldo y Mario Fabbroni<\/div>\n<div dir=\"auto\">Nietos: Josefina, Luisina, Rosina, Ang\u00e9lica y Marcos.<\/div>\n<\/div>\n","protected":false},"excerpt":{"rendered":"<p>Edith Cavallo de Fabbroni falleci\u00f3 a las 2:30 este jueves 13 de junio a la edad de 90 a\u00f1os. Se trata de la madre del concejal y exintendente Reynaldo Fabbroni. Reno la despidi\u00f3 con estas palabras: &#8220;El cielo se llev\u00f3 un \u00e1ngel. Gracias por todo mam\u00e1. Por lo que somos&#8221;. Velatorio: Sala N\u00b0 1, 25 [&hellip;]<\/p>\n","protected":false},"author":3,"featured_media":52805,"comment_status":"closed","ping_status":"closed","sticky":false,"template":"","format":"standard","meta":{"_joinchat":[],"footnotes":""},"categories":[36,53],"tags":[],"class_list":{"0":"post-52804","1":"post","2":"type-post","3":"status-publish","4":"format-standard","5":"has-post-thumbnail","7":"category-sociedad","8":"category-vera"},"_links":{"self":[{"href":"https:\/\/infovera.com.ar\/web\/wp-json\/wp\/v2\/posts\/52804","targetHints":{"allow":["GET"]}}],"collection":[{"href":"https:\/\/infovera.com.ar\/web\/wp-json\/wp\/v2\/posts"}],"about":[{"href":"https:\/\/infovera.com.ar\/web\/wp-json\/wp\/v2\/types\/post"}],"author":[{"embeddable":true,"href":"https:\/\/infovera.com.ar\/web\/wp-json\/wp\/v2\/users\/3"}],"replies":[{"embeddable":true,"href":"https:\/\/infovera.com.ar\/web\/wp-json\/wp\/v2\/comments?post=52804"}],"version-history":[{"count":0,"href":"https:\/\/infovera.com.ar\/web\/wp-json\/wp\/v2\/posts\/52804\/revisions"}],"wp:featuredmedia":[{"embeddable":true,"href":"https:\/\/infovera.com.ar\/web\/wp-json\/wp\/v2\/media\/52805"}],"wp:attachment":[{"href":"https:\/\/infovera.com.ar\/web\/wp-json\/wp\/v2\/media?parent=52804"}],"wp:term":[{"taxonomy":"category","embeddable":true,"href":"https:\/\/infovera.com.ar\/web\/wp-json\/wp\/v2\/categories?post=52804"},{"taxonomy":"post_tag","embeddable":true,"href":"https:\/\/infovera.com.ar\/web\/wp-json\/wp\/v2\/tags?post=52804"}],"curies":[{"name":"wp","href":"https:\/\/api.w.org\/{rel}","templated":true}]}}