{"id":52795,"date":"2024-06-12T18:24:53","date_gmt":"2024-06-12T21:24:53","guid":{"rendered":"https:\/\/infovera.com.ar\/web\/?p=52795"},"modified":"2024-06-13T17:28:11","modified_gmt":"2024-06-13T20:28:11","slug":"pedido-de-informes-por-la-paralizacion-de-obras-en-calle-cordoba","status":"publish","type":"post","link":"https:\/\/infovera.com.ar\/web\/2024\/06\/12\/pedido-de-informes-por-la-paralizacion-de-obras-en-calle-cordoba\/","title":{"rendered":"Pedido de informes por la paralizaci\u00f3n de obras en calle C\u00f3rdoba"},"content":{"rendered":"<p>El concejal Mario Souilh\u00e9 (PJ) ingres\u00f3 al Concejo una minuta de comunicaci\u00f3n en la reclama al Ejecutivo que informe sobre la paralizaci\u00f3n de la obra de Ripio con Cord\u00f3n Cuneta sobre calle C\u00f3rdoba.<\/p>\n<p>El edil indic\u00f3 en los considerandos que los vecinos de dicha arteria en reiteradas oportunidades expresan las m\u00faltiples dificultades y peligros que representa el estado actual de abandono por parte del municipio de dicho sector, y argument\u00f3 que &#8220;el tr\u00e1nsito se ve obstaculizado por el corte total sobre el Pasaje Maglier, en la intersecci\u00f3n con calle C\u00f3rdoba&#8221;.<\/p>\n<p>Paralelamente, sostuvo que al paralizar las obras quedaron zanjones abiertos con efluentes pluviales y cloacales, lo que representa un &#8220;alto foco infeccioso y de contaminaci\u00f3n ambiental&#8221;, al tiempo que se\u00f1al\u00f3 que &#8220;ante la epidemia de dengue tampoco el municipio tom\u00f3 medidas preventivas, ya que esas cunetas a cielo abierto representan un peligro sanitario para todos los vecinos&#8221;.<\/p>\n<p>No escap\u00f3 a las razones expuesta la ausencia de las debidas se\u00f1alizaciones de peligro, lo cual ha implicado que &#8220;en los d\u00edas de lluvia y o de neblina se han producido m\u00faltiples accidentes de peatones y vecinos que se movilizan en bicicletas o motos por el lugar&#8221;.<\/p>\n<p>Souilh\u00e9 consider\u00f3 &#8220;de fundamental importancia que el municipio, a la brevedad, por sobre cualquier otra iniciativa, priorice la finalizaci\u00f3n de las obras empezadas sobre el calle C\u00f3rdoba, asignando y ejecutando las partidas correspondientes&#8221;, y solicit\u00f3 que informe a la brevedad al Concejo los motivos que provocaron la paralizaci\u00f3n total de obras.<\/p>\n<p>&nbsp;<\/p>\n","protected":false},"excerpt":{"rendered":"<p>El concejal Mario Souilh\u00e9 (PJ) ingres\u00f3 al Concejo una minuta de comunicaci\u00f3n en la reclama al Ejecutivo que informe sobre la paralizaci\u00f3n de la obra de Ripio con Cord\u00f3n Cuneta sobre calle C\u00f3rdoba. El edil indic\u00f3 en los considerandos que los vecinos de dicha arteria en reiteradas oportunidades expresan las m\u00faltiples dificultades y peligros que [&hellip;]<\/p>\n","protected":false},"author":3,"featured_media":52796,"comment_status":"closed","ping_status":"closed","sticky":false,"template":"","format":"standard","meta":{"_joinchat":[],"footnotes":""},"categories":[53],"tags":[],"class_list":{"0":"post-52795","1":"post","2":"type-post","3":"status-publish","4":"format-standard","5":"has-post-thumbnail","7":"category-vera"},"_links":{"self":[{"href":"https:\/\/infovera.com.ar\/web\/wp-json\/wp\/v2\/posts\/52795","targetHints":{"allow":["GET"]}}],"collection":[{"href":"https:\/\/infovera.com.ar\/web\/wp-json\/wp\/v2\/posts"}],"about":[{"href":"https:\/\/infovera.com.ar\/web\/wp-json\/wp\/v2\/types\/post"}],"author":[{"embeddable":true,"href":"https:\/\/infovera.com.ar\/web\/wp-json\/wp\/v2\/users\/3"}],"replies":[{"embeddable":true,"href":"https:\/\/infovera.com.ar\/web\/wp-json\/wp\/v2\/comments?post=52795"}],"version-history":[{"count":0,"href":"https:\/\/infovera.com.ar\/web\/wp-json\/wp\/v2\/posts\/52795\/revisions"}],"wp:featuredmedia":[{"embeddable":true,"href":"https:\/\/infovera.com.ar\/web\/wp-json\/wp\/v2\/media\/52796"}],"wp:attachment":[{"href":"https:\/\/infovera.com.ar\/web\/wp-json\/wp\/v2\/media?parent=52795"}],"wp:term":[{"taxonomy":"category","embeddable":true,"href":"https:\/\/infovera.com.ar\/web\/wp-json\/wp\/v2\/categories?post=52795"},{"taxonomy":"post_tag","embeddable":true,"href":"https:\/\/infovera.com.ar\/web\/wp-json\/wp\/v2\/tags?post=52795"}],"curies":[{"name":"wp","href":"https:\/\/api.w.org\/{rel}","templated":true}]}}