{"id":52792,"date":"2024-06-12T18:12:51","date_gmt":"2024-06-12T21:12:51","guid":{"rendered":"https:\/\/infovera.com.ar\/web\/?p=52792"},"modified":"2024-06-13T09:45:06","modified_gmt":"2024-06-13T12:45:06","slug":"paula-mitre-fue-una-las-seis-alcaldesas-invitadas-a-un-foro-de-la-corporacion-andina-de-fomento","status":"publish","type":"post","link":"https:\/\/infovera.com.ar\/web\/2024\/06\/12\/paula-mitre-fue-una-las-seis-alcaldesas-invitadas-a-un-foro-de-la-corporacion-andina-de-fomento\/","title":{"rendered":"Paula Mitre fue una las seis alcaldesas invitadas a un foro de la Corporaci\u00f3n Andina de Fomento"},"content":{"rendered":"<p>Estoy muy agradecida de haber sido una de las 6 alcaldesas de Argentina, dentro de las 13 invitadas de todo el Cono Sur, convocadas a participar de la agenda propuesta por \u201cCAF &#8211; Banco de Desarrollo de Am\u00e9rica Latina y el Caribe\u201d, en el marco del &#8220;Programa de Alta Conducci\u00f3n Latinoamericana\u201d.<\/p>\n<p>Participamos de este encuentro &#8220;Alta Gerencia P\u00fablica&#8221;, con el objetivo de capacitar, fortalecer el sector p\u00fablico e impulsar una mayor capacidad de gesti\u00f3n, a mejorar la gobernabilidad, incrementar la calidad y cantidad de proyectos de desarrollo para contar con gobiernos locales m\u00e1s fuertes.<\/p>\n<p>Tratamos temas como el liderazgo con perspectiva de g\u00e9nero, la innovaci\u00f3n, la educaci\u00f3n inclusiva, la modernizaci\u00f3n del Estado, el desarrollo urbano y la seguridad ciudadana.<br \/>\nEs fundamental fortalecer la capacidad de gesti\u00f3n y la gobernabilidad a trav\u00e9s de la capacitaci\u00f3n, promoviendo el desarrollo sostenible en la regi\u00f3n.<\/p>\n<p>En sinton\u00eda, comparto la convicci\u00f3n del Vicepresidente de Programaci\u00f3n Estrat\u00e9gica de CAF, Christian Asinelli, el cual dijo: \u201cUnidos, referentes de diversos \u00e1mbitos y sectores, podemos crear propuestas innovadoras y llevar a cabo acciones que se traduzcan en transformaciones significativas en nuestras comunidades\u201d<\/p>\n","protected":false},"excerpt":{"rendered":"<p>Estoy muy agradecida de haber sido una de las 6 alcaldesas de Argentina, dentro de las 13 invitadas de todo el Cono Sur, convocadas a participar de la agenda propuesta por \u201cCAF &#8211; Banco de Desarrollo de Am\u00e9rica Latina y el Caribe\u201d, en el marco del &#8220;Programa de Alta Conducci\u00f3n Latinoamericana\u201d. Participamos de este encuentro [&hellip;]<\/p>\n","protected":false},"author":3,"featured_media":52793,"comment_status":"closed","ping_status":"closed","sticky":false,"template":"","format":"standard","meta":{"_joinchat":[],"footnotes":""},"categories":[53],"tags":[],"class_list":{"0":"post-52792","1":"post","2":"type-post","3":"status-publish","4":"format-standard","5":"has-post-thumbnail","7":"category-vera"},"_links":{"self":[{"href":"https:\/\/infovera.com.ar\/web\/wp-json\/wp\/v2\/posts\/52792","targetHints":{"allow":["GET"]}}],"collection":[{"href":"https:\/\/infovera.com.ar\/web\/wp-json\/wp\/v2\/posts"}],"about":[{"href":"https:\/\/infovera.com.ar\/web\/wp-json\/wp\/v2\/types\/post"}],"author":[{"embeddable":true,"href":"https:\/\/infovera.com.ar\/web\/wp-json\/wp\/v2\/users\/3"}],"replies":[{"embeddable":true,"href":"https:\/\/infovera.com.ar\/web\/wp-json\/wp\/v2\/comments?post=52792"}],"version-history":[{"count":0,"href":"https:\/\/infovera.com.ar\/web\/wp-json\/wp\/v2\/posts\/52792\/revisions"}],"wp:featuredmedia":[{"embeddable":true,"href":"https:\/\/infovera.com.ar\/web\/wp-json\/wp\/v2\/media\/52793"}],"wp:attachment":[{"href":"https:\/\/infovera.com.ar\/web\/wp-json\/wp\/v2\/media?parent=52792"}],"wp:term":[{"taxonomy":"category","embeddable":true,"href":"https:\/\/infovera.com.ar\/web\/wp-json\/wp\/v2\/categories?post=52792"},{"taxonomy":"post_tag","embeddable":true,"href":"https:\/\/infovera.com.ar\/web\/wp-json\/wp\/v2\/tags?post=52792"}],"curies":[{"name":"wp","href":"https:\/\/api.w.org\/{rel}","templated":true}]}}