{"id":52776,"date":"2024-06-12T11:11:31","date_gmt":"2024-06-12T14:11:31","guid":{"rendered":"https:\/\/infovera.com.ar\/web\/?p=52776"},"modified":"2024-06-12T11:11:31","modified_gmt":"2024-06-12T14:11:31","slug":"dos-jovenes-detenidos-con-marihuana-en-la-zona-oeste-de-vera","status":"publish","type":"post","link":"https:\/\/infovera.com.ar\/web\/2024\/06\/12\/dos-jovenes-detenidos-con-marihuana-en-la-zona-oeste-de-vera\/","title":{"rendered":"Dos j\u00f3venes detenidos con marihuana en la zona oeste de Vera"},"content":{"rendered":"<p>Fue en inmediaciones de 25 de Mayo y Urquiza, de la urbe verense, donde personal del Grupo de Operaciones T\u00e1cticas de la UR XIX logr\u00f3 incautar envoltorios cuyo interior alojaba una sustancia semejante a la marihuana. Los aprehendidos, de 20 y 18 a\u00f1os, fueron trasladados a sede policial donde quedaron a disposici\u00f3n de la Fiscal\u00eda.<\/p>\n<p>En la v\u00edspera, numerarios del GOT de la Unidad Regional XIX, procedieron al secuestro de presuntos estupefacientes, dinero y otros elementos, como as\u00ed tambi\u00e9n aprehendieron a dos j\u00f3venes, tras una intervenci\u00f3n concretada en la zona Oeste de la ciudad de Vera.<\/p>\n<p>Mientras cumplimentaban patrullajes de prevenci\u00f3n y seguridad, en cumplimiento de directivas emanadas por la Superioridad, acorde a disposiciones de la Jefatura de Polic\u00eda provincial, los actuantes observaron el paso de los dos sujetos que transitaban a pie por la citada intersecci\u00f3n.<\/p>\n<p>Al solicitarles detuviesen su marcha para efectuar sus labores preventivas, y tras sus requisas personales, incautaron desde sus pertenencias los objetos referidos. Por tales razones, solicitaron la presencia de efectivos id\u00f3neos de la Polic\u00eda de Investigaciones quienes prosiguieron con las actuaciones, previo dar conocimiento al \u00f3rgano judicial competente.<\/p>\n<p><a href=\"https:\/\/infovera.com.ar\/web\/wp-content\/uploads\/2024\/06\/det-1.jpg\"><img loading=\"lazy\" decoding=\"async\" class=\"alignleft size-full wp-image-52778\" src=\"https:\/\/infovera.com.ar\/web\/wp-content\/uploads\/2024\/06\/det-1.jpg\" alt=\"\" width=\"1280\" height=\"1109\" srcset=\"https:\/\/infovera.com.ar\/web\/wp-content\/uploads\/2024\/06\/det-1.jpg 1280w, https:\/\/infovera.com.ar\/web\/wp-content\/uploads\/2024\/06\/det-1-696x603.jpg 696w, https:\/\/infovera.com.ar\/web\/wp-content\/uploads\/2024\/06\/det-1-1068x925.jpg 1068w, https:\/\/infovera.com.ar\/web\/wp-content\/uploads\/2024\/06\/det-1-485x420.jpg 485w, https:\/\/infovera.com.ar\/web\/wp-content\/uploads\/2024\/06\/det-1-534x462.jpg 534w\" sizes=\"auto, (max-width: 1280px) 100vw, 1280px\" \/><\/a><\/p>\n","protected":false},"excerpt":{"rendered":"<p>Fue en inmediaciones de 25 de Mayo y Urquiza, de la urbe verense, donde personal del Grupo de Operaciones T\u00e1cticas de la UR XIX logr\u00f3 incautar envoltorios cuyo interior alojaba una sustancia semejante a la marihuana. Los aprehendidos, de 20 y 18 a\u00f1os, fueron trasladados a sede policial donde quedaron a disposici\u00f3n de la Fiscal\u00eda. [&hellip;]<\/p>\n","protected":false},"author":3,"featured_media":52777,"comment_status":"closed","ping_status":"closed","sticky":false,"template":"","format":"standard","meta":{"_joinchat":[],"footnotes":""},"categories":[53],"tags":[],"class_list":{"0":"post-52776","1":"post","2":"type-post","3":"status-publish","4":"format-standard","5":"has-post-thumbnail","7":"category-vera"},"_links":{"self":[{"href":"https:\/\/infovera.com.ar\/web\/wp-json\/wp\/v2\/posts\/52776","targetHints":{"allow":["GET"]}}],"collection":[{"href":"https:\/\/infovera.com.ar\/web\/wp-json\/wp\/v2\/posts"}],"about":[{"href":"https:\/\/infovera.com.ar\/web\/wp-json\/wp\/v2\/types\/post"}],"author":[{"embeddable":true,"href":"https:\/\/infovera.com.ar\/web\/wp-json\/wp\/v2\/users\/3"}],"replies":[{"embeddable":true,"href":"https:\/\/infovera.com.ar\/web\/wp-json\/wp\/v2\/comments?post=52776"}],"version-history":[{"count":0,"href":"https:\/\/infovera.com.ar\/web\/wp-json\/wp\/v2\/posts\/52776\/revisions"}],"wp:featuredmedia":[{"embeddable":true,"href":"https:\/\/infovera.com.ar\/web\/wp-json\/wp\/v2\/media\/52777"}],"wp:attachment":[{"href":"https:\/\/infovera.com.ar\/web\/wp-json\/wp\/v2\/media?parent=52776"}],"wp:term":[{"taxonomy":"category","embeddable":true,"href":"https:\/\/infovera.com.ar\/web\/wp-json\/wp\/v2\/categories?post=52776"},{"taxonomy":"post_tag","embeddable":true,"href":"https:\/\/infovera.com.ar\/web\/wp-json\/wp\/v2\/tags?post=52776"}],"curies":[{"name":"wp","href":"https:\/\/api.w.org\/{rel}","templated":true}]}}