{"id":52739,"date":"2024-06-10T12:49:42","date_gmt":"2024-06-10T15:49:42","guid":{"rendered":"https:\/\/infovera.com.ar\/web\/?p=52739"},"modified":"2024-06-10T12:49:42","modified_gmt":"2024-06-10T15:49:42","slug":"goity-queremos-que-todos-los-alumnos-esten-perfectamente-alfabetizados-cuando-terminen-3-grado","status":"publish","type":"post","link":"https:\/\/infovera.com.ar\/web\/2024\/06\/10\/goity-queremos-que-todos-los-alumnos-esten-perfectamente-alfabetizados-cuando-terminen-3-grado\/","title":{"rendered":"Goity: \u201cQueremos que todos los alumnos est\u00e9n perfectamente alfabetizados cuando terminen 3\u00b0 grado\u201d"},"content":{"rendered":"<p>La Provincia present\u00f3 el Plan de Alfabetizaci\u00f3n Santafesino \u201cRa\u00edz\u201d para garantizar que los estudiantes adquieran lectura y escritura fluida, ampliaci\u00f3n de su vocabulario, y comprensi\u00f3n y producci\u00f3n de textos acordes a la edad. En el per\u00edodo 2024-2026 se espera alcanzar a 159 mil alumnos y capacitar a 11.200 docentes.<\/p>\n<p>El Gobierno de la Provincia de Santa Fe, a trav\u00e9s del Ministerio de Educaci\u00f3n, present\u00f3 este lunes el Plan de Alfabetizaci\u00f3n Santafesino denominado \u201cRa\u00edz\u201d, que busca alcanzar una alfabetizaci\u00f3n integral que permitir\u00e1 progresivamente a los alumnos del nivel primario, lograr los niveles esperables para su situaci\u00f3n escolar y dar un impulso significativo para la mejora general de los niveles de aprendizaje.<\/p>\n<p>Durante el acto, realizado en la sede del Ministerio de Educaci\u00f3n en la ciudad de Santa Fe, el titular de la cartera, Jos\u00e9 Goity, expres\u00f3 que \u201ccon el informe de las de las Pruebas de Aprender 2023 constatamos que el 33,6 % de los chicos y chicas de nuestro pa\u00eds no alcanzan niveles satisfactorios en lengua, y cuando eso lo llevamos al nivel socioecon\u00f3mico bajo llega al 49,8 %\u201d.<\/p>\n<p>En ese sentido, el funcionario dijo que \u201ccomo gobierno, desde el Ministerio de Educaci\u00f3n tenemos que hacer nuestra parte, que es en primer lugar respaldar a los docentes, pero tambi\u00e9n dotarlos de herramientas; y tambi\u00e9n ordenar y conducir el proceso educativo y pedag\u00f3gico\u201d.<\/p>\n<p>Para ello \u201ctomamos la decisi\u00f3n de llevar adelante un plan integral de alfabetizaci\u00f3n, sabiendo que no hay tiempo, porque esto es urgente\u201d, por eso se eligi\u00f3 una propuesta \u201cya desarrollada, consolidada y probada\u201d.<\/p>\n<p><strong>Un plan integral de tres a\u00f1os<\/strong><\/p>\n<p>La secretaria de Educaci\u00f3n, Carolina Piedrabuena afirm\u00f3 que \u201cesto no es un plan piloto, es un plan integral que abarca no solo este a\u00f1o, sino los pr\u00f3ximos tres. Vamos a abarcar la totalidad de los establecimientos de educaci\u00f3n primaria de Santa Fe (1.476), lo que va a implicar que vamos a estar capacitando a 11.200 docentes y vamos a llegar a 159.000 estudiantes\u201d.<\/p>\n<p>El Plan Ra\u00edz \u201ctiene distintas metas -continu\u00f3-, que tienen que ver con los aprendizajes en primer grado y la escritura de palabras simples; en segundo grado lo que tiene que ver con textos, quiz\u00e1s oraciones y comprensi\u00f3n de textos; y en tercer grado lo que tiene que ver con la comprensi\u00f3n de textos y ya no solo la escritura y la lectura, tambi\u00e9n la fluidez de la lectura\u201d.<\/p>\n<p>Finalmente, la subsecretaria de Calidad Educativa, Mariana Migliaro, indic\u00f3 que \u201cel plan incorpora material impreso para cada docente y cada alumno. Eso es un ejemplo del compromiso con el que el gobierno provincial ha decidido encarar este plan, porque estamos hablando de una licitaci\u00f3n p\u00fablica de m\u00e1s de 150 millones de pesos, y cuando uno define una estrategia de una pol\u00edtica p\u00fablica debe comprometerse e invertir para dar cuenta de que no es declamativo, sino que es una acci\u00f3n concreta\u201d.<\/p>\n<p><strong>Plan Ra\u00edz<\/strong><\/p>\n<p>El objetivo principal del plan es garantizar que los alumnos adquieran, al finalizar el 3\u00b0 Grado, una lectura y escritura fluida, la ampliaci\u00f3n de su vocabulario, la comprensi\u00f3n y producci\u00f3n de textos acordes a la edad y el dominio del principio alfab\u00e9tico o correspondencia. Asimismo, impulsar el desarrollo profesional de los docentes, enriqueciendo sus estrategias de ense\u00f1anza de la lectura y la escritura.<\/p>\n<p>\u201cRa\u00edz\u201d se implementa en 1.476 escuelas primarias de gesti\u00f3n p\u00fablica y gesti\u00f3n privada de toda la provincia. En esta primera etapa alcanza a 53.400 estudiantes de 1\u00b0 grado y m\u00e1s de 6.300 docentes y equipos directivos, quienes recibieron materiales que promueven la lectura y la escritura. El plan se realizar\u00e1 en tres etapas: 1\u00b0 Grado en 2024; 1\u00b0 y 2\u00b0 Grado en 2025; y 1\u00b0, 2\u00b0 y 3\u00b0 Grado en 2026. As\u00ed, en el per\u00edodo 2024 \u2013 2026 se capacitar\u00e1 en total a 11.200 docentes y el programa alcanzar\u00e1 a 159.000 alumnos.<\/p>\n<p>Para llevar adelante la implementaci\u00f3n del programa, el Ministerio de Educaci\u00f3n realiza capacitaciones a docentes y directivos. Ya se llevaron a cabo en Rosario, Villa Gobernador G\u00e1lvez, Venado Tuerto, Casilda, Ca\u00f1ada de G\u00f3mez, Rafaela, San Justo, G\u00e1lvez, Coronda, Santa Fe, San Crist\u00f3bal, Hersilia, Reconquista, San Javier, San Lorenzo, Vera, Tostado, San Jorge y Villa Ocampo. Este mes comienzan las capacitaciones a docentes de educaci\u00f3n hospitalaria, educaci\u00f3n especial y educaci\u00f3n rural. Se imprimieron 150 mil libros (el 98% ya fueron distribuidos), que fueron destinados a docentes y estudiantes.<\/p>\n<p>Del acto participaron tambi\u00e9n la secretaria de Gesti\u00f3n Territorial del Ministerio de Educaci\u00f3n, Diana Gallo; la subsecretar\u00eda de Educaci\u00f3n Primaria, Silvana Aita; y los directores provinciales de Educaci\u00f3n Especial, Bettina Fiorito; de Educaci\u00f3n Rural, Pedro Oggero; y de Educaci\u00f3n Domiciliaria y Hospitalaria, Mariela Saf\u00f3n, entre otros.<\/p>\n","protected":false},"excerpt":{"rendered":"<p>La Provincia present\u00f3 el Plan de Alfabetizaci\u00f3n Santafesino \u201cRa\u00edz\u201d para garantizar que los estudiantes adquieran lectura y escritura fluida, ampliaci\u00f3n de su vocabulario, y comprensi\u00f3n y producci\u00f3n de textos acordes a la edad. En el per\u00edodo 2024-2026 se espera alcanzar a 159 mil alumnos y capacitar a 11.200 docentes. El Gobierno de la Provincia de [&hellip;]<\/p>\n","protected":false},"author":3,"featured_media":52740,"comment_status":"closed","ping_status":"closed","sticky":false,"template":"","format":"standard","meta":{"_joinchat":[],"footnotes":""},"categories":[60],"tags":[],"class_list":{"0":"post-52739","1":"post","2":"type-post","3":"status-publish","4":"format-standard","5":"has-post-thumbnail","7":"category-provinciales"},"_links":{"self":[{"href":"https:\/\/infovera.com.ar\/web\/wp-json\/wp\/v2\/posts\/52739","targetHints":{"allow":["GET"]}}],"collection":[{"href":"https:\/\/infovera.com.ar\/web\/wp-json\/wp\/v2\/posts"}],"about":[{"href":"https:\/\/infovera.com.ar\/web\/wp-json\/wp\/v2\/types\/post"}],"author":[{"embeddable":true,"href":"https:\/\/infovera.com.ar\/web\/wp-json\/wp\/v2\/users\/3"}],"replies":[{"embeddable":true,"href":"https:\/\/infovera.com.ar\/web\/wp-json\/wp\/v2\/comments?post=52739"}],"version-history":[{"count":0,"href":"https:\/\/infovera.com.ar\/web\/wp-json\/wp\/v2\/posts\/52739\/revisions"}],"wp:featuredmedia":[{"embeddable":true,"href":"https:\/\/infovera.com.ar\/web\/wp-json\/wp\/v2\/media\/52740"}],"wp:attachment":[{"href":"https:\/\/infovera.com.ar\/web\/wp-json\/wp\/v2\/media?parent=52739"}],"wp:term":[{"taxonomy":"category","embeddable":true,"href":"https:\/\/infovera.com.ar\/web\/wp-json\/wp\/v2\/categories?post=52739"},{"taxonomy":"post_tag","embeddable":true,"href":"https:\/\/infovera.com.ar\/web\/wp-json\/wp\/v2\/tags?post=52739"}],"curies":[{"name":"wp","href":"https:\/\/api.w.org\/{rel}","templated":true}]}}