{"id":52725,"date":"2024-06-10T09:55:10","date_gmt":"2024-06-10T12:55:10","guid":{"rendered":"https:\/\/infovera.com.ar\/web\/?p=52725"},"modified":"2024-06-11T10:20:24","modified_gmt":"2024-06-11T13:20:24","slug":"video-solidaria-actitud-de-una-policia-de-vera-con-una-mujer-hipoacusica-que-estaba-sin-comer","status":"publish","type":"post","link":"https:\/\/infovera.com.ar\/web\/2024\/06\/10\/video-solidaria-actitud-de-una-policia-de-vera-con-una-mujer-hipoacusica-que-estaba-sin-comer\/","title":{"rendered":"(Video) Solidaria actitud de una polic\u00eda de Vera con una mujer hipoac\u00fasica que estaba sin comer"},"content":{"rendered":"<p>Un hecho para resaltar tuvo como protagonista solidaria a la suboficial Daniela Ocampo, de la ciudad de Vera que presta servicios en Rosario.<\/p>\n<p>La funcionaria que cumpl\u00eda su turno acudi\u00f3 en ayuda de una camarada, para poder ayudar a una mujer hipoac\u00fasica y poder brindar la ayuda necesaria.<\/p>\n<p>Esa personas estaba pidiendo colaboraci\u00f3n para poder comprar nuevamente sus aud\u00edfonos, los cuales se los hab\u00edan robado, pero al cruzar la calle tropez\u00f3 y cay\u00f3 al piso. Al consultar si alguien sab\u00eda lenguajes de se\u00f1as para poder comunicarse ningunos de quienes se encontraban en el lugar sab\u00edan.<\/p>\n<p><iframe loading=\"lazy\" title=\"Solidaria actitud de una polic\u00eda de Vera con una mujer hipoac\u00fasica que estaba sin comer\" width=\"696\" height=\"522\" src=\"https:\/\/www.youtube.com\/embed\/86JKkEvWon4?feature=oembed\" frameborder=\"0\" allow=\"accelerometer; autoplay; clipboard-write; encrypted-media; gyroscope; picture-in-picture; web-share\" referrerpolicy=\"strict-origin-when-cross-origin\" allowfullscreen><\/iframe><\/p>\n<p>Pero, la suboficial Ocampo s\u00ed hab\u00eda hecho la capacitaci\u00f3n, con lo cual estaba en condiciones de entablar conversaci\u00f3n con la mujer accidentada.<\/p>\n<p>En una muestra de solidaridad le pregunt\u00f3 a la se\u00f1ora, mediante se\u00f1as, si hab\u00eda comido y ella respondi\u00f3 de la misma manera que no. La numeraria policial no lo dud\u00f3 y compr\u00f3 algo para que est\u00e1 persona pudiera comer.<\/p>\n<p>Lo de Daniela Ocampo en doblemente valorable por su actitud emp\u00e1tica con una persona desvalida y por su compromiso de haber aprendido el lenguaje de se\u00f1as, m\u00e1s que importante para este tipo de circunstancias en las que se necesita ayudar a quienes lo necesitan.<\/p>\n","protected":false},"excerpt":{"rendered":"<p>Un hecho para resaltar tuvo como protagonista solidaria a la suboficial Daniela Ocampo, de la ciudad de Vera que presta servicios en Rosario. La funcionaria que cumpl\u00eda su turno acudi\u00f3 en ayuda de una camarada, para poder ayudar a una mujer hipoac\u00fasica y poder brindar la ayuda necesaria. Esa personas estaba pidiendo colaboraci\u00f3n para poder [&hellip;]<\/p>\n","protected":false},"author":3,"featured_media":52726,"comment_status":"closed","ping_status":"closed","sticky":false,"template":"","format":"standard","meta":{"_joinchat":[],"footnotes":""},"categories":[60,36],"tags":[],"class_list":{"0":"post-52725","1":"post","2":"type-post","3":"status-publish","4":"format-standard","5":"has-post-thumbnail","7":"category-provinciales","8":"category-sociedad"},"_links":{"self":[{"href":"https:\/\/infovera.com.ar\/web\/wp-json\/wp\/v2\/posts\/52725","targetHints":{"allow":["GET"]}}],"collection":[{"href":"https:\/\/infovera.com.ar\/web\/wp-json\/wp\/v2\/posts"}],"about":[{"href":"https:\/\/infovera.com.ar\/web\/wp-json\/wp\/v2\/types\/post"}],"author":[{"embeddable":true,"href":"https:\/\/infovera.com.ar\/web\/wp-json\/wp\/v2\/users\/3"}],"replies":[{"embeddable":true,"href":"https:\/\/infovera.com.ar\/web\/wp-json\/wp\/v2\/comments?post=52725"}],"version-history":[{"count":0,"href":"https:\/\/infovera.com.ar\/web\/wp-json\/wp\/v2\/posts\/52725\/revisions"}],"wp:featuredmedia":[{"embeddable":true,"href":"https:\/\/infovera.com.ar\/web\/wp-json\/wp\/v2\/media\/52726"}],"wp:attachment":[{"href":"https:\/\/infovera.com.ar\/web\/wp-json\/wp\/v2\/media?parent=52725"}],"wp:term":[{"taxonomy":"category","embeddable":true,"href":"https:\/\/infovera.com.ar\/web\/wp-json\/wp\/v2\/categories?post=52725"},{"taxonomy":"post_tag","embeddable":true,"href":"https:\/\/infovera.com.ar\/web\/wp-json\/wp\/v2\/tags?post=52725"}],"curies":[{"name":"wp","href":"https:\/\/api.w.org\/{rel}","templated":true}]}}