{"id":52682,"date":"2024-06-08T13:29:43","date_gmt":"2024-06-08T16:29:43","guid":{"rendered":"https:\/\/infovera.com.ar\/web\/?p=52682"},"modified":"2024-06-08T13:29:43","modified_gmt":"2024-06-08T16:29:43","slug":"garcia-en-agroactiva-santa-fe-con-su-potencial-es-motor-del-desarrollo-productivo-del-pais","status":"publish","type":"post","link":"https:\/\/infovera.com.ar\/web\/2024\/06\/08\/garcia-en-agroactiva-santa-fe-con-su-potencial-es-motor-del-desarrollo-productivo-del-pais\/","title":{"rendered":"Garc\u00eda en Agroactiva: &#8220;Santa Fe, con su potencial, es motor del desarrollo productivo del pa\u00eds&#8221;"},"content":{"rendered":"<p>La presidenta de la C\u00e1mara de Diputadas y Diputados visit\u00f3 la 30\u00aa edici\u00f3n de la muestra que se desarrolla en Armstrong, acompa\u00f1ada por la diputada nacional M\u00f3nica Fein. Destacaron el rol de las peque\u00f1as y medianas empresas, \u201cun sector que da trabajo, que representa a todo el interior productivo, que es fundamental para construir una sociedad con m\u00e1s inclusi\u00f3n\u201d.<\/p>\n<p>La presidenta de la C\u00e1mara de Diputadas y Diputados, Clara Garc\u00eda, visit\u00f3 la 30\u00aa edici\u00f3n de Agroactiva que se desarrolla en Armstrong, acompa\u00f1ada por la diputada nacional M\u00f3nica Fein. Adem\u00e1s de participar del acto de inauguraci\u00f3n oficial, asistieron junto al gobernador Maximiliano Pullaro a la presentaci\u00f3n de \u201cSanta Fe Business Forum\u201d, una ronda de negocios inversa agendada en septiembre cuyo objetivo es favorecer la exportaci\u00f3n santafesina e instalar a la provincia como centro tur\u00edstico de negocios internacionales.<\/p>\n<p>\u201cEsta edici\u00f3n de Agroactiva, la n\u00famero 30, nos llena de orgullo como santafesinos porque podemos ver una vez m\u00e1s al principal motor de desarrollo de nuestro pa\u00eds, del que Santa Fe es una pieza fundamental\u201d, se\u00f1al\u00f3 Garc\u00eda, para luego remarcar: \u201cA pesar de las dificultades, el campo, la agroindustria, la agro-bioeconom\u00eda miran al futuro y siguen invirtiendo, innovando para ser cada vez m\u00e1s competitivos\u201d.<\/p>\n<p>En ese marco, la legisladora reclam\u00f3 al gobierno nacional por \u201caquellas cuestiones de fondo que hacen al sostenimiento y a las perspectivas de crecimiento del sector. En el plano tributario, uno siempre pone el foco en las retenciones \u2013indic\u00f3-, pero tambi\u00e9n est\u00e1 el tema de la conectividad necesaria para que la producci\u00f3n pueda ser transportada de manera eficiente por rutas y caminos en condiciones; la concesi\u00f3n de la Hidrov\u00eda Paran\u00e1-Paraguay para potenciar nuestros puertos, la promoci\u00f3n del arraigo para que la gente pueda seguir viviendo en nuestras localidades con todos servicios\u201d, enumer\u00f3.<\/p>\n<p>En cuanto a la actividad denominada \u201cSanta Fe Business Forum, Garc\u00eda consider\u00f3 \u201cfundamental que las pymes est\u00e9n preparadas para exportar, para lo global, de modo de dar un salto de calidad en materia productiva. En un momento del pa\u00eds en que no se advierte apoyo para este tipo de iniciativas, la provincia de Santa Fe es distinta y el Estado va a estar apoyando a las peque\u00f1as y medianas empresas en su desarrollo\u201d.<\/p>\n<p>Por su parte, Fein remarc\u00f3 que visitar la muestra de Armstrong \u201ces ratificar nuestro compromiso con la defensa de la peque\u00f1a y mediana empresa del pa\u00eds, como hicimos con Fisfe (Federaci\u00f3n Industrial de Santa Fe). No hay un futuro posible para la Argentina sin un desarrollo de las pymes y Agroactiva es la prueba de ello. Por eso exigimos al gobierno nacional que contemple \u201cel encadenamiento productivo para las grandes inversiones que busca promover\u201d, en referencia al Rigi (R\u00e9gimen de Incentivo para Grandes Inversiones). En tal sentido, reclam\u00f3 que \u201cle preste atenci\u00f3n a un sector que da trabajo, que representa a todo el interior productivo, que es fundamental para construir una sociedad con m\u00e1s inclusi\u00f3n\u201d.<\/p>\n","protected":false},"excerpt":{"rendered":"<p>La presidenta de la C\u00e1mara de Diputadas y Diputados visit\u00f3 la 30\u00aa edici\u00f3n de la muestra que se desarrolla en Armstrong, acompa\u00f1ada por la diputada nacional M\u00f3nica Fein. Destacaron el rol de las peque\u00f1as y medianas empresas, \u201cun sector que da trabajo, que representa a todo el interior productivo, que es fundamental para construir una [&hellip;]<\/p>\n","protected":false},"author":3,"featured_media":52683,"comment_status":"closed","ping_status":"closed","sticky":false,"template":"","format":"standard","meta":{"_joinchat":[],"footnotes":""},"categories":[60],"tags":[],"class_list":{"0":"post-52682","1":"post","2":"type-post","3":"status-publish","4":"format-standard","5":"has-post-thumbnail","7":"category-provinciales"},"_links":{"self":[{"href":"https:\/\/infovera.com.ar\/web\/wp-json\/wp\/v2\/posts\/52682","targetHints":{"allow":["GET"]}}],"collection":[{"href":"https:\/\/infovera.com.ar\/web\/wp-json\/wp\/v2\/posts"}],"about":[{"href":"https:\/\/infovera.com.ar\/web\/wp-json\/wp\/v2\/types\/post"}],"author":[{"embeddable":true,"href":"https:\/\/infovera.com.ar\/web\/wp-json\/wp\/v2\/users\/3"}],"replies":[{"embeddable":true,"href":"https:\/\/infovera.com.ar\/web\/wp-json\/wp\/v2\/comments?post=52682"}],"version-history":[{"count":0,"href":"https:\/\/infovera.com.ar\/web\/wp-json\/wp\/v2\/posts\/52682\/revisions"}],"wp:featuredmedia":[{"embeddable":true,"href":"https:\/\/infovera.com.ar\/web\/wp-json\/wp\/v2\/media\/52683"}],"wp:attachment":[{"href":"https:\/\/infovera.com.ar\/web\/wp-json\/wp\/v2\/media?parent=52682"}],"wp:term":[{"taxonomy":"category","embeddable":true,"href":"https:\/\/infovera.com.ar\/web\/wp-json\/wp\/v2\/categories?post=52682"},{"taxonomy":"post_tag","embeddable":true,"href":"https:\/\/infovera.com.ar\/web\/wp-json\/wp\/v2\/tags?post=52682"}],"curies":[{"name":"wp","href":"https:\/\/api.w.org\/{rel}","templated":true}]}}