{"id":52668,"date":"2024-06-08T12:10:16","date_gmt":"2024-06-08T15:10:16","guid":{"rendered":"https:\/\/infovera.com.ar\/web\/?p=52668"},"modified":"2024-06-08T19:16:02","modified_gmt":"2024-06-08T22:16:02","slug":"primeros-resultados-de-los-cambios-en-el-comando","status":"publish","type":"post","link":"https:\/\/infovera.com.ar\/web\/2024\/06\/08\/primeros-resultados-de-los-cambios-en-el-comando\/","title":{"rendered":"Primeros resultados de los cambios en el Comando"},"content":{"rendered":"<p>Dos robos aclarados y un hallazgo.<\/p>\n<p>A las 4 de la madrugada del viernes, personal del Comando Radioel\u00e9ctrico al circular por calle Catamarca al 2000 visualiz\u00f3 dos personas en actitud sospechosa que se dispon\u00edan a transportar una oveja con las cuatro patas maniatadas, que se encontraba sin vida y en la parte trasera del tr\u00e1iler una bicicleta.<\/p>\n<p>Al notar la presencia policial se dieron a la fuga, por lo que se dio aviso a dem\u00e1s m\u00f3viles policiales, Fueron interceptados e individualizados, de 23 y 26 a\u00f1os, domiciliados en Vera. Se dio conocimiento e intervenci\u00f3n al fiscal de turno quien dispuso que una vez finiquitadas las diligencias de rigor se remita lo actuado a Los Pumas.<\/p>\n<p>Bicicleta<\/p>\n<p>A las 8:45 tambi\u00e9n del viernes, los numerarios del Comando Radioel\u00e9ctrico divisaron una bicicleta en un terreno bald\u00edo en Catamarca al 1800, siendo sus caracter\u00edsticas\u00a0 rodado 26, marca Futura, de color rosa, con el sistema de freno deteriorado, en regular estado de conservaci\u00f3n; motivo por el cual proceden al secuestro preventivo del birrodado a los fines de establecer su propietaria\/o.<\/p>\n<p>Robo de moto<\/p>\n<p>A las 9 del viernes, el plantel del Comando tom\u00f3 conocimiento mediante alerta telef\u00f3nica de que a una mujer le habr\u00edan sustra\u00eddo su moto (motocicleta de color blanca con vivos negros, marca Yamaha Cripton, sin dominio visible).<\/p>\n<p>De inmediato funcionarios policiales avisaron a las patrullas logrando interceptar en calle Corrientes, entre Urquiza y E. L\u00f3pez, a dos sujetos con el motovehi\u00edculo antes descripto quienes al notar la presencia policial se dieron a la fuga dejando el birrodado abandonado, evadi\u00e9ndose por pasillos internos.<\/p>\n<p>Trasladado el ciclomotor a sede policial, fue reconocido por la denunciante como de su propiedad.<\/p>\n<p>Se prosiguen diligencias fines de establecer la identidad de los causantes.-<\/p>\n","protected":false},"excerpt":{"rendered":"<p>Dos robos aclarados y un hallazgo. A las 4 de la madrugada del viernes, personal del Comando Radioel\u00e9ctrico al circular por calle Catamarca al 2000 visualiz\u00f3 dos personas en actitud sospechosa que se dispon\u00edan a transportar una oveja con las cuatro patas maniatadas, que se encontraba sin vida y en la parte trasera del tr\u00e1iler [&hellip;]<\/p>\n","protected":false},"author":3,"featured_media":52669,"comment_status":"closed","ping_status":"closed","sticky":false,"template":"","format":"standard","meta":{"_joinchat":[],"footnotes":""},"categories":[53],"tags":[],"class_list":{"0":"post-52668","1":"post","2":"type-post","3":"status-publish","4":"format-standard","5":"has-post-thumbnail","7":"category-vera"},"_links":{"self":[{"href":"https:\/\/infovera.com.ar\/web\/wp-json\/wp\/v2\/posts\/52668","targetHints":{"allow":["GET"]}}],"collection":[{"href":"https:\/\/infovera.com.ar\/web\/wp-json\/wp\/v2\/posts"}],"about":[{"href":"https:\/\/infovera.com.ar\/web\/wp-json\/wp\/v2\/types\/post"}],"author":[{"embeddable":true,"href":"https:\/\/infovera.com.ar\/web\/wp-json\/wp\/v2\/users\/3"}],"replies":[{"embeddable":true,"href":"https:\/\/infovera.com.ar\/web\/wp-json\/wp\/v2\/comments?post=52668"}],"version-history":[{"count":0,"href":"https:\/\/infovera.com.ar\/web\/wp-json\/wp\/v2\/posts\/52668\/revisions"}],"wp:featuredmedia":[{"embeddable":true,"href":"https:\/\/infovera.com.ar\/web\/wp-json\/wp\/v2\/media\/52669"}],"wp:attachment":[{"href":"https:\/\/infovera.com.ar\/web\/wp-json\/wp\/v2\/media?parent=52668"}],"wp:term":[{"taxonomy":"category","embeddable":true,"href":"https:\/\/infovera.com.ar\/web\/wp-json\/wp\/v2\/categories?post=52668"},{"taxonomy":"post_tag","embeddable":true,"href":"https:\/\/infovera.com.ar\/web\/wp-json\/wp\/v2\/tags?post=52668"}],"curies":[{"name":"wp","href":"https:\/\/api.w.org\/{rel}","templated":true}]}}