{"id":52608,"date":"2024-06-05T22:13:11","date_gmt":"2024-06-06T01:13:11","guid":{"rendered":"https:\/\/infovera.com.ar\/web\/?p=52608"},"modified":"2024-06-06T11:26:52","modified_gmt":"2024-06-06T14:26:52","slug":"cayo-la-banda-de-fogoso-por-el-robo-de-131-animales-vacunos","status":"publish","type":"post","link":"https:\/\/infovera.com.ar\/web\/2024\/06\/05\/cayo-la-banda-de-fogoso-por-el-robo-de-131-animales-vacunos\/","title":{"rendered":"Cay\u00f3 la banda de &#8220;Fogoso&#8221; por el robo de 131 animales vacunos"},"content":{"rendered":"<p>El grupo fue detenido por la PDI San Justo.<\/p>\n<p>El procedimiento se realiz\u00f3 en el marco de investigaciones a cargo del fiscal Dr. Guillermo Persello, por los delitos de faenamiento clandestino, abigeato simple, tenencia indebida de arma de fuego de uso civil y asociaci\u00f3n il\u00edcita.<\/p>\n<p>La Polic\u00eda de Investigaciones dependiente de la \u00f3rbita del Ministerio de Justicia y Seguridad de la provincia de Santa Fe, logr\u00f3 desarticular una banda de delincuentes que se dedicaba a la faena clandestina.<\/p>\n<p>La investigaci\u00f3n se inici\u00f3 en el mes de diciembre del a\u00f1o 2022, cuando un hombre denunci\u00f3 la faltante de 131 animales vacunos de su propiedad. En aquel entonces un exempleado de la v\u00edctima hab\u00eda enviado por error un mensaje de voz al propietario de los vacunos, en donde informaba a un tal &#8220;Fogoso&#8221; el horario en el que el lugar se encontrar\u00eda sin personas.<\/p>\n<p>A posterior, y gracias a varias tareas de inteligencia realizadas por personal del Departamento Operativo de Investigaci\u00f3n (PDI), identificaron a D.D. de 49 a\u00f1os, alias &#8220;Fogoso&#8221; o &#8220;Fogui&#8221;, quien ser\u00eda el encargado de conseguir personas interesadas en la compra de la carne vacuna mal habida.<\/p>\n<p>En consecuencia, los efectivos establecieron la participaci\u00f3n e identidad de los sujetos que estar\u00edan involucrados en estos hechos ilicitos, por lo que constataron que hab\u00eda m\u00e1s v\u00edctimas por parte de estos hombres, solicitando as\u00ed las \u00f3rdenes de allanamientos pertinentes para 6 viviendas ubicadas en la ciudad de San Justo.<\/p>\n<p>Una vez en los domicilios, y con colaboraci\u00f3n del personal de San Javier (PDI ) y la UR XVI, procedieron a la detenci\u00f3n de 4 hombres identificados como D.D. de 49 a\u00f1os, S.R de 57 , R.F de 28 y A.M de 58. Tambi\u00e9n se identific\u00f3 a un joven de 19 a\u00f1os como el quinto part\u00edcipe de los hechos.<\/p>\n<p>Adem\u00e1s se incautaron 111 cortes de carne vacuna fraccionados en bolsa de pl\u00e1stico, un freezer, una camioneta marca Chery Tiggo, una sierra electrica, dos escopetas de diferente calibre, once tel\u00e9fonos m\u00f3viles, y elementos varios de faena.<\/p>\n","protected":false},"excerpt":{"rendered":"<p>El grupo fue detenido por la PDI San Justo. El procedimiento se realiz\u00f3 en el marco de investigaciones a cargo del fiscal Dr. Guillermo Persello, por los delitos de faenamiento clandestino, abigeato simple, tenencia indebida de arma de fuego de uso civil y asociaci\u00f3n il\u00edcita. La Polic\u00eda de Investigaciones dependiente de la \u00f3rbita del Ministerio [&hellip;]<\/p>\n","protected":false},"author":3,"featured_media":52609,"comment_status":"closed","ping_status":"closed","sticky":false,"template":"","format":"standard","meta":{"_joinchat":[],"footnotes":""},"categories":[30,61],"tags":[],"class_list":{"0":"post-52608","1":"post","2":"type-post","3":"status-publish","4":"format-standard","5":"has-post-thumbnail","7":"category-policiales","8":"category-regionales"},"_links":{"self":[{"href":"https:\/\/infovera.com.ar\/web\/wp-json\/wp\/v2\/posts\/52608","targetHints":{"allow":["GET"]}}],"collection":[{"href":"https:\/\/infovera.com.ar\/web\/wp-json\/wp\/v2\/posts"}],"about":[{"href":"https:\/\/infovera.com.ar\/web\/wp-json\/wp\/v2\/types\/post"}],"author":[{"embeddable":true,"href":"https:\/\/infovera.com.ar\/web\/wp-json\/wp\/v2\/users\/3"}],"replies":[{"embeddable":true,"href":"https:\/\/infovera.com.ar\/web\/wp-json\/wp\/v2\/comments?post=52608"}],"version-history":[{"count":0,"href":"https:\/\/infovera.com.ar\/web\/wp-json\/wp\/v2\/posts\/52608\/revisions"}],"wp:featuredmedia":[{"embeddable":true,"href":"https:\/\/infovera.com.ar\/web\/wp-json\/wp\/v2\/media\/52609"}],"wp:attachment":[{"href":"https:\/\/infovera.com.ar\/web\/wp-json\/wp\/v2\/media?parent=52608"}],"wp:term":[{"taxonomy":"category","embeddable":true,"href":"https:\/\/infovera.com.ar\/web\/wp-json\/wp\/v2\/categories?post=52608"},{"taxonomy":"post_tag","embeddable":true,"href":"https:\/\/infovera.com.ar\/web\/wp-json\/wp\/v2\/tags?post=52608"}],"curies":[{"name":"wp","href":"https:\/\/api.w.org\/{rel}","templated":true}]}}