{"id":52604,"date":"2024-06-05T17:29:29","date_gmt":"2024-06-05T20:29:29","guid":{"rendered":"https:\/\/infovera.com.ar\/web\/?p=52604"},"modified":"2024-06-05T17:29:29","modified_gmt":"2024-06-05T20:29:29","slug":"pequenas-manos-plantando-un-mejor-futuro-para-todos","status":"publish","type":"post","link":"https:\/\/infovera.com.ar\/web\/2024\/06\/05\/pequenas-manos-plantando-un-mejor-futuro-para-todos\/","title":{"rendered":"Peque\u00f1as manos plantando un mejor futuro para todos"},"content":{"rendered":"<p>En el marco del D\u00eda Mundial del Medio Ambiente, la Municipalidad de Vera realiz\u00f3 la plantaci\u00f3n de \u00e1rboles en diversas escuelas y jardines de infantes de la ciudad.<\/p>\n<p>Con la participaci\u00f3n entusiasta de los m\u00e1s peque\u00f1os, se plantaron no solo \u00e1rboles, sino tambi\u00e9n una conciencia ecol\u00f3gica en las generaciones futuras.<\/p>\n<p>Cada \u00e1rbol plantado es un compromiso con el medio ambiente y un legado de aire puro, sombra y belleza natural para todos. &#8220;Juntos, estamos construyendo una ciudad m\u00e1s verde y saludable Gracias a todas las escuelas, docentes, padres y estudiantes que se sumaron a esta iniciativa. \u00a1Sigamos trabajando juntos por un mundo mejor!&#8221;.<\/p>\n","protected":false},"excerpt":{"rendered":"<p>En el marco del D\u00eda Mundial del Medio Ambiente, la Municipalidad de Vera realiz\u00f3 la plantaci\u00f3n de \u00e1rboles en diversas escuelas y jardines de infantes de la ciudad. Con la participaci\u00f3n entusiasta de los m\u00e1s peque\u00f1os, se plantaron no solo \u00e1rboles, sino tambi\u00e9n una conciencia ecol\u00f3gica en las generaciones futuras. Cada \u00e1rbol plantado es un [&hellip;]<\/p>\n","protected":false},"author":3,"featured_media":52605,"comment_status":"closed","ping_status":"closed","sticky":false,"template":"","format":"standard","meta":{"_joinchat":[],"footnotes":""},"categories":[53],"tags":[],"class_list":{"0":"post-52604","1":"post","2":"type-post","3":"status-publish","4":"format-standard","5":"has-post-thumbnail","7":"category-vera"},"_links":{"self":[{"href":"https:\/\/infovera.com.ar\/web\/wp-json\/wp\/v2\/posts\/52604","targetHints":{"allow":["GET"]}}],"collection":[{"href":"https:\/\/infovera.com.ar\/web\/wp-json\/wp\/v2\/posts"}],"about":[{"href":"https:\/\/infovera.com.ar\/web\/wp-json\/wp\/v2\/types\/post"}],"author":[{"embeddable":true,"href":"https:\/\/infovera.com.ar\/web\/wp-json\/wp\/v2\/users\/3"}],"replies":[{"embeddable":true,"href":"https:\/\/infovera.com.ar\/web\/wp-json\/wp\/v2\/comments?post=52604"}],"version-history":[{"count":0,"href":"https:\/\/infovera.com.ar\/web\/wp-json\/wp\/v2\/posts\/52604\/revisions"}],"wp:featuredmedia":[{"embeddable":true,"href":"https:\/\/infovera.com.ar\/web\/wp-json\/wp\/v2\/media\/52605"}],"wp:attachment":[{"href":"https:\/\/infovera.com.ar\/web\/wp-json\/wp\/v2\/media?parent=52604"}],"wp:term":[{"taxonomy":"category","embeddable":true,"href":"https:\/\/infovera.com.ar\/web\/wp-json\/wp\/v2\/categories?post=52604"},{"taxonomy":"post_tag","embeddable":true,"href":"https:\/\/infovera.com.ar\/web\/wp-json\/wp\/v2\/tags?post=52604"}],"curies":[{"name":"wp","href":"https:\/\/api.w.org\/{rel}","templated":true}]}}