{"id":52602,"date":"2024-06-05T17:22:16","date_gmt":"2024-06-05T20:22:16","guid":{"rendered":"https:\/\/infovera.com.ar\/web\/?p=52602"},"modified":"2024-06-06T11:09:08","modified_gmt":"2024-06-06T14:09:08","slug":"pedido-de-informes-de-sosa-por-la-facturacion-a-obras-sociales-en-hospitales-de-santa-fe","status":"publish","type":"post","link":"https:\/\/infovera.com.ar\/web\/2024\/06\/05\/pedido-de-informes-de-sosa-por-la-facturacion-a-obras-sociales-en-hospitales-de-santa-fe\/","title":{"rendered":"Pedido de informes de Sosa por la facturaci\u00f3n a obras sociales en hospitales de Santa Fe"},"content":{"rendered":"<p>Un pedido de informes de la bancada opositora refiere a la tercerizaci\u00f3n de tareas de cobranza por prestaciones del sistema p\u00fablico de salud.<\/p>\n<p>Sin debate, ni exposiciones en las bancas, la C\u00e1mara de Senadores dio curso a un pedido de informes de la oposici\u00f3n justicialista que &#8220;busca obtener la informaci\u00f3n necesaria para evaluar las gestiones que el Ministerio de Salud esta implementando en virtud de la aplicaci\u00f3n del Decreto Nacional 172\/24&#8221; y de la decisi\u00f3n de dejar en manos de terceros el cobro por prestaciones del sistema p\u00fablico de salud provincial a las obras sociales y empresas de medicina prepaga.<\/p>\n<p>El texto fue llevado al recinto en la \u00faltima sesi\u00f3n por Osvaldoo Sosa (PJ-Vera), un legislador que adem\u00e1s es m\u00e9dico y l\u00f3gicamente cuenta con un grado de detalle mayor sobre el tema que otros integrantes del cuerpo deliberativo en el que, adem\u00e1s, otros dos representantes departamentales -pero del oficialismo- tienen esa profesi\u00f3n.<\/p>\n<p>&#8220;A partir de noticias period\u00edsticas, y luego de consultar con diferentes Consejos de Administraci\u00f3n de los efectores de salud, tomamos conocimiento de la existencia de un plan de tercerizaci\u00f3n del sistema de facturaci\u00f3n, el no cual no queda claro su modalidad de contrataci\u00f3n y posterior aplicaci\u00f3n&#8221;, advierte en el primer p\u00e1rrafo de los fundamentos del cuestionario el Dr. Sosa.<\/p>\n<p>&#8220;En virtud de la trascendencia de esta medida y su impacto directo en la comunidad, es fundamental conocer con precisi\u00f3n c\u00f3mo se llevar\u00e1 a cabo dicha transici\u00f3n y qu\u00e9 medidas se tomar\u00e1n para garantizar su eficiencia y transparencia, asegurando as\u00ed la continuidad y calidad en la prestaci\u00f3n de servicios de salud en el sistema p\u00fablico&#8221;, expresa en ese texto.<\/p>\n<p>Al norte\u00f1o le preocupa que &#8220;producto de reforzar los sistemas de facturaci\u00f3n, se vean afectados derechos de los trabajadores que a diario prestan servicios en la red de salud, quienes por ley participan en la distribuci\u00f3n de los recursos propios que genera cada efector. Resulta menester tener informaci\u00f3n acabada del tema, en la cual se detalle qu\u00e9 tareas desarrollar\u00e1 la empresa y las evaluaciones que realiz\u00f3 el Ejecutivo respecto a la imposibilidad de que sean llevadas a cabo por el propio personal de la administraci\u00f3n, ya que ceder a un privado el 15,5% de los recursos de cada efector es un gasto significativo sobre todo teniendo en cuenta la crisis econ\u00f3mica y social en la que nos encontramos&#8221;.<\/p>\n<p>En el Senado de Santa Fe la aprobaci\u00f3n de los pedidos de informes se da por descontada. Se trata de una pr\u00e1ctica hist\u00f3rica: no obstruir el acceso a la informaci\u00f3n p\u00fablica de los ciudadanos y m\u00e1s de un legislador, por lo que el tratamiento sobre tablas y las manos levantadas de la mayor\u00eda de Unidos para Cambiar Santa Fe no debe llevar a confusiones sobre el fondo del asunto.<\/p>\n<p>En el cuestionario, Sosa solicita saber &#8220;c\u00f3mo tiene previsto llevar adelante los procesos de facturaci\u00f3n y recuperaci\u00f3n por las prestaciones brindas en los efectores de salud de la provincia a afiliados pertenecientes al subsistema de la seguridad social a partir de la entrada en vigor del Decreto Nacional 172\/24 el cual elimina el sistema de facturaci\u00f3n y recupero por intermedio de la Super Intendencia de Servicios de Salud&#8221;.<\/p>\n<p>De inmediato expresa que el gobierno deber\u00eda exponer &#8220;los fundamentos&#8221; para &#8220;tercerizar el sistema de facturaci\u00f3n siendo que, en su mayor\u00eda, los efectores contaban con personal propio, id\u00f3neo y t\u00e9cnico para poder realizar esta gesti\u00f3n de manera directa&#8221;.<\/p>\n<p>El pedido de informes reclama a las autoridades de Salud &#8220;detallar acabadamente cu\u00e1les ser\u00e1n las tareas que desarrollar\u00e1 la empresa N.T.B. S.A que no podr\u00edan ser realizadas por la propia administraci\u00f3n, por lo cual se terceriza y se cede parte de los recursos propios de los efectores&#8221; y &#8220;remitir copia del expediente administrativo por el cual se defini\u00f3 la contrataci\u00f3n de la empresa N.T.B S. A y del modelo de contrato que estar\u00edan firmando los efectores, todo conforme a lo establecido por la Ley 12510&#8221;.<\/p>\n<p>Por \u00faltimo, &#8220;informar cuales son los mecanismos de auditoria y control para garantizar que los derechos de los trabajadores no se vean perjudicados en la distribuci\u00f3n de los fondos, ya que, de los recursos propios que genera un efector el 30% se distribuye entre el personal y un 5% se utiliza para becas y subsidios de salud&#8221;.<\/p>\n<p>El Litoral<\/p>\n","protected":false},"excerpt":{"rendered":"<p>Un pedido de informes de la bancada opositora refiere a la tercerizaci\u00f3n de tareas de cobranza por prestaciones del sistema p\u00fablico de salud. Sin debate, ni exposiciones en las bancas, la C\u00e1mara de Senadores dio curso a un pedido de informes de la oposici\u00f3n justicialista que &#8220;busca obtener la informaci\u00f3n necesaria para evaluar las gestiones [&hellip;]<\/p>\n","protected":false},"author":3,"featured_media":52327,"comment_status":"closed","ping_status":"closed","sticky":false,"template":"","format":"standard","meta":{"_joinchat":[],"footnotes":""},"categories":[60],"tags":[],"class_list":{"0":"post-52602","1":"post","2":"type-post","3":"status-publish","4":"format-standard","5":"has-post-thumbnail","7":"category-provinciales"},"_links":{"self":[{"href":"https:\/\/infovera.com.ar\/web\/wp-json\/wp\/v2\/posts\/52602","targetHints":{"allow":["GET"]}}],"collection":[{"href":"https:\/\/infovera.com.ar\/web\/wp-json\/wp\/v2\/posts"}],"about":[{"href":"https:\/\/infovera.com.ar\/web\/wp-json\/wp\/v2\/types\/post"}],"author":[{"embeddable":true,"href":"https:\/\/infovera.com.ar\/web\/wp-json\/wp\/v2\/users\/3"}],"replies":[{"embeddable":true,"href":"https:\/\/infovera.com.ar\/web\/wp-json\/wp\/v2\/comments?post=52602"}],"version-history":[{"count":0,"href":"https:\/\/infovera.com.ar\/web\/wp-json\/wp\/v2\/posts\/52602\/revisions"}],"wp:featuredmedia":[{"embeddable":true,"href":"https:\/\/infovera.com.ar\/web\/wp-json\/wp\/v2\/media\/52327"}],"wp:attachment":[{"href":"https:\/\/infovera.com.ar\/web\/wp-json\/wp\/v2\/media?parent=52602"}],"wp:term":[{"taxonomy":"category","embeddable":true,"href":"https:\/\/infovera.com.ar\/web\/wp-json\/wp\/v2\/categories?post=52602"},{"taxonomy":"post_tag","embeddable":true,"href":"https:\/\/infovera.com.ar\/web\/wp-json\/wp\/v2\/tags?post=52602"}],"curies":[{"name":"wp","href":"https:\/\/api.w.org\/{rel}","templated":true}]}}