{"id":52599,"date":"2024-06-05T17:18:36","date_gmt":"2024-06-05T20:18:36","guid":{"rendered":"https:\/\/infovera.com.ar\/web\/?p=52599"},"modified":"2024-06-05T17:18:36","modified_gmt":"2024-06-05T20:18:36","slug":"avanza-la-obra-de-la-morgue-judicial","status":"publish","type":"post","link":"https:\/\/infovera.com.ar\/web\/2024\/06\/05\/avanza-la-obra-de-la-morgue-judicial\/","title":{"rendered":"Avanza la obra de la morgue judicial"},"content":{"rendered":"<p>La intendente Paula Mitre y el senador Osvaldo Sosa visitaron la obra en construcci\u00f3n de la nueva morgue judicial de Vera.<\/p>\n<p>Durante el recorrido, ambos funcionarios pudieron apreciar los avances significativos que se han logrado hasta el momento y conversaron con los trabajadores y encargados del proyecto para conocer los detalles de la obra.<\/p>\n<p>La intendente destac\u00f3 la importancia de esta nueva infraestructura para nuestra ciudad, subrayando que \u201cla morgue contar\u00e1 con tecnolog\u00eda de punta y espacios adecuados para la realizaci\u00f3n de los procedimientos forenses, adem\u00e1s de la generaci\u00f3n de nuevos puestos de trabajo\u201d.<\/p>\n<p>Por su parte, el senador Sosa resalt\u00f3 \u201cel compromiso del Poder Judicial de la Provincia en realizar este moderno edificio en nuestra ciudad\u201d<\/p>\n<p>Ambos funcionarios coincidieron en que la nueva morgue judicial no solo representa un avance en t\u00e9rminos de infraestructura, sino tambi\u00e9n un paso importante hacia la modernizaci\u00f3n y fortalecimiento de nuestra ciudad.<\/p>\n<p>Se espera que la obra finalice en los pr\u00f3ximos meses, brindando a la comunidad un servicio esencial con los m\u00e1s altos est\u00e1ndares de calidad y profesionalismo.<\/p>\n<p>Letyana Press<\/p>\n","protected":false},"excerpt":{"rendered":"<p>La intendente Paula Mitre y el senador Osvaldo Sosa visitaron la obra en construcci\u00f3n de la nueva morgue judicial de Vera. Durante el recorrido, ambos funcionarios pudieron apreciar los avances significativos que se han logrado hasta el momento y conversaron con los trabajadores y encargados del proyecto para conocer los detalles de la obra. La [&hellip;]<\/p>\n","protected":false},"author":3,"featured_media":52600,"comment_status":"closed","ping_status":"closed","sticky":false,"template":"","format":"standard","meta":{"_joinchat":[],"footnotes":""},"categories":[53],"tags":[],"class_list":{"0":"post-52599","1":"post","2":"type-post","3":"status-publish","4":"format-standard","5":"has-post-thumbnail","7":"category-vera"},"_links":{"self":[{"href":"https:\/\/infovera.com.ar\/web\/wp-json\/wp\/v2\/posts\/52599","targetHints":{"allow":["GET"]}}],"collection":[{"href":"https:\/\/infovera.com.ar\/web\/wp-json\/wp\/v2\/posts"}],"about":[{"href":"https:\/\/infovera.com.ar\/web\/wp-json\/wp\/v2\/types\/post"}],"author":[{"embeddable":true,"href":"https:\/\/infovera.com.ar\/web\/wp-json\/wp\/v2\/users\/3"}],"replies":[{"embeddable":true,"href":"https:\/\/infovera.com.ar\/web\/wp-json\/wp\/v2\/comments?post=52599"}],"version-history":[{"count":0,"href":"https:\/\/infovera.com.ar\/web\/wp-json\/wp\/v2\/posts\/52599\/revisions"}],"wp:featuredmedia":[{"embeddable":true,"href":"https:\/\/infovera.com.ar\/web\/wp-json\/wp\/v2\/media\/52600"}],"wp:attachment":[{"href":"https:\/\/infovera.com.ar\/web\/wp-json\/wp\/v2\/media?parent=52599"}],"wp:term":[{"taxonomy":"category","embeddable":true,"href":"https:\/\/infovera.com.ar\/web\/wp-json\/wp\/v2\/categories?post=52599"},{"taxonomy":"post_tag","embeddable":true,"href":"https:\/\/infovera.com.ar\/web\/wp-json\/wp\/v2\/tags?post=52599"}],"curies":[{"name":"wp","href":"https:\/\/api.w.org\/{rel}","templated":true}]}}