{"id":52558,"date":"2024-06-03T13:54:34","date_gmt":"2024-06-03T16:54:34","guid":{"rendered":"https:\/\/infovera.com.ar\/web\/?p=52558"},"modified":"2024-06-03T21:04:02","modified_gmt":"2024-06-04T00:04:02","slug":"golpearon-a-una-medica-en-la-guardia-del-hospital-y-el-gremio-denuncia-desproteccion","status":"publish","type":"post","link":"https:\/\/infovera.com.ar\/web\/2024\/06\/03\/golpearon-a-una-medica-en-la-guardia-del-hospital-y-el-gremio-denuncia-desproteccion\/","title":{"rendered":"Golpearon a una m\u00e9dica en la guardia del Hospital y el gremio denuncia desprotecci\u00f3n"},"content":{"rendered":"<p>La profesional fue atacada con un violento golpe en la cara. La agresora es una familiar de una paciente internada. AMRA manifest\u00f3 su repudio y emplaz\u00f3 a las autoridades a tomar medidas para garantizar la seguridad.<\/p>\n<p>La Dra. Ver\u00f3nica Alejandra Pujol fue v\u00edctima de un furibundo ataque por parte de una joven de 18 a\u00f1os, pariente de una mujer que estaba internada en el Hospital Regional de Vera.<\/p>\n<p>La paciente hab\u00eda ingresado al nosocomio y los m\u00e9dicos le dictaminaron que deb\u00eda quedar internada a causa de la dolencia detectada. Horas m\u00e1s tarde se hizo presente su grupo familiar que recibi\u00f3 el informe m\u00e9dico correspondiente, con la exigencia de que &#8220;quer\u00edan entrar todos&#8221;, a lo cual la Dra. Puyol expres\u00f3 su negativa y les dijo que iban a poder ingresar de a uno al sector de internaci\u00f3n. Sin mediar palabra, la joven en cuesti\u00f3n que estaba de espaldas se dio vuelta y le propin\u00f3 un golpe de pu\u00f1o en la cara.<\/p>\n<p>La m\u00e9dica fue asistida por sus compa\u00f1eros y la salvaje agresi\u00f3n fue repudiada por el gremio AMRA, desde donde se se\u00f1al\u00f3 que el hecho deja en claro &#8220;la falencia a la polic\u00eda local que sac\u00f3 la guardia del Hospital, de\u00f1 Consejo Asesor que est\u00e1 pagando un servicio se seguridad que no corresponde y del Ministerio que no le brinda seguridad a los m\u00e9dicos&#8221;.<\/p>\n<p>La situaci\u00f3n en el HRV fue descripta como ca\u00f3tica porque &#8220;hay filtraciones de gente por todos lados en la guardia, entran por donde quieren, es un caos; o sea, no hay un sistema que est\u00e9 protegiendo ni a los enfermeros, ni a los m\u00e9dicos, ni a los mismos pacientes&#8221;. &#8220;Lo grave de esto es que el Hospital est\u00e1 pagando un servicio de seguridad privado y estaba la guardia adelante y no pas\u00f3 absolutamente nada&#8221;.<\/p>\n<p>A ra\u00edz de lo sucedido, la Seccional Norte de la Asociaci\u00f3n de M\u00e9dicos de la Rep\u00fablica Argentina, con la firma de su secretaria general Dra. Sandra Barbieri, remiti\u00f3 en car\u00e1cter de urgente una nota la ministra de Salud de la provincia, Dra. Silvia Ciancio, en la que denunci\u00f3 el &#8220;hecho de violencia sucedido en fecha 2 de junio del cual result\u00f3 v\u00edctima nuestra afiliada, la Dra. Ver\u00f3nica Alejandra Pujol ,y dej\u00f3 a la luz el fracaso del sistema de seguridad privada contratado por el Hospital y la objetable erogaci\u00f3n de fondos que eso significa, fondos que podr\u00edan ser redireccionados hacia una efectiva seguridad de nuestros trabajadores&#8221;.<\/p>\n<p>En la misiva, la instancia gremial solicit\u00f3 &#8220;expresamente la intervenci\u00f3n del Ministerio a su cargo en vistas de generar mecanismos que garanticen la protecci\u00f3n de los profesionales de Salud en el desempe\u00f1o de sus tareas, responsabilidad que es ineludible a su cargo&#8221;.<\/p>\n<p>En el p\u00e1rrafo final, hizo saber que &#8220;en el hipot\u00e9tico y esperemos improbable caso, en la pr\u00f3xima situaci\u00f3n de violencia, nos veremos obligados a tomar medidas de acci\u00f3n directa&#8221;.<\/p>\n<p>Asimismo, otra nota de reclamo fue dirigida por el sindicato al Consejo Asesor y la Direcci\u00f3n M\u00e9dica del Hospital Regional Vera con el pedido de &#8220;urgente notificaci\u00f3n al Ministerio de Salud y de Seguridad quienes son los responsables finales en otorgar las condiciones de seguridad en los \u00e1mbitos laborales&#8221;.<\/p>\n","protected":false},"excerpt":{"rendered":"<p>La profesional fue atacada con un violento golpe en la cara. La agresora es una familiar de una paciente internada. AMRA manifest\u00f3 su repudio y emplaz\u00f3 a las autoridades a tomar medidas para garantizar la seguridad. La Dra. Ver\u00f3nica Alejandra Pujol fue v\u00edctima de un furibundo ataque por parte de una joven de 18 a\u00f1os, [&hellip;]<\/p>\n","protected":false},"author":3,"featured_media":0,"comment_status":"closed","ping_status":"closed","sticky":false,"template":"","format":"standard","meta":{"_joinchat":[],"footnotes":""},"categories":[53],"tags":[],"class_list":{"0":"post-52558","1":"post","2":"type-post","3":"status-publish","4":"format-standard","6":"category-vera"},"_links":{"self":[{"href":"https:\/\/infovera.com.ar\/web\/wp-json\/wp\/v2\/posts\/52558","targetHints":{"allow":["GET"]}}],"collection":[{"href":"https:\/\/infovera.com.ar\/web\/wp-json\/wp\/v2\/posts"}],"about":[{"href":"https:\/\/infovera.com.ar\/web\/wp-json\/wp\/v2\/types\/post"}],"author":[{"embeddable":true,"href":"https:\/\/infovera.com.ar\/web\/wp-json\/wp\/v2\/users\/3"}],"replies":[{"embeddable":true,"href":"https:\/\/infovera.com.ar\/web\/wp-json\/wp\/v2\/comments?post=52558"}],"version-history":[{"count":0,"href":"https:\/\/infovera.com.ar\/web\/wp-json\/wp\/v2\/posts\/52558\/revisions"}],"wp:attachment":[{"href":"https:\/\/infovera.com.ar\/web\/wp-json\/wp\/v2\/media?parent=52558"}],"wp:term":[{"taxonomy":"category","embeddable":true,"href":"https:\/\/infovera.com.ar\/web\/wp-json\/wp\/v2\/categories?post=52558"},{"taxonomy":"post_tag","embeddable":true,"href":"https:\/\/infovera.com.ar\/web\/wp-json\/wp\/v2\/tags?post=52558"}],"curies":[{"name":"wp","href":"https:\/\/api.w.org\/{rel}","templated":true}]}}