{"id":52496,"date":"2024-06-01T11:24:48","date_gmt":"2024-06-01T14:24:48","guid":{"rendered":"https:\/\/infovera.com.ar\/web\/?p=52496"},"modified":"2024-06-01T19:02:28","modified_gmt":"2024-06-01T22:02:28","slug":"intentaron-robar-la-bateria-de-un-camion-y-mercaderia-a-una-cuadra-de-donde-se-hacia-el-megaoperativo","status":"publish","type":"post","link":"https:\/\/infovera.com.ar\/web\/2024\/06\/01\/intentaron-robar-la-bateria-de-un-camion-y-mercaderia-a-una-cuadra-de-donde-se-hacia-el-megaoperativo\/","title":{"rendered":"Intentaron robar la bater\u00eda de un cami\u00f3n y mercader\u00eda a una cuadra de donde se hac\u00eda el megaoperativo"},"content":{"rendered":"<p>Los coletazos de la inseguridad que asola a Vera no encuentran l\u00edmite y siguen produci\u00e9ndose casos que mueven al asombro.<\/p>\n<p>Tal como el sucedido en ocasi\u00f3n de realizarse el megaoperativo de alta visibilidad por parte de la Unidad Regional XIX, supervisado por el n\u00famero 2 de la fuerza a nivel provincial.<\/p>\n<p>Mientras realizaban las acciones de prevenci\u00f3n y chequeos de personas y veh\u00edculos en la esquina de Plaza Independencia, a una cuadra del lugar y en el mismo horario (20 hs), intentaron robarle las bater\u00edas de un cami\u00f3n y mercader\u00eda a un comerciante.<\/p>\n<p>&#8220;No sirven los controles que hacen porque los realizan en la zona del centro solamente y los problemas no son en esos lugares&#8221;, coment\u00f3 un vecino al respecto. Otro, fan destacado en Facebook de<strong> InfoVera<\/strong>, se vali\u00f3 de la iron\u00eda para expresar su opini\u00f3n: &#8220;Mir\u00e1 si van a salir sabiendo que hay operativo&#8221;. &#8220;O van a pasar por donde est\u00e1n los operativos. Chiste, no?&#8221;, le contest\u00f3, en el mismo tono, otro lectora de este portal.<\/p>\n<p>En la misma l\u00ednea, se expidi\u00f3 otro comentarista: &#8220;Jajaja m\u00e1s loco son, si le est\u00e1n avisando que va a haber operativo ni porqu\u00e9 salir a asomar la nariz jajaja&#8221;.<\/p>\n<p>FAC, por su parte, critic\u00f3: &#8220;Ayer hicieron operativo y hoy nada, no se los vio, entonces salen los que andan en moto robadas seg\u00fan ellos&#8221;.<\/p>\n<p>AO tambi\u00e9n se manifest\u00f3: &#8220;Jajajaja si si van a salir en una moto robada, son choros no pelotudos.. la onda es que eviten los robos, para eso tendr\u00eda que estar la polic\u00eda pero bueno como no soy poli no opino&#8230;&#8221;.<\/p>\n<p>JM, en tanto, se quej\u00f3 porque &#8220;molestan a la gente trabajadora y a los chorros lo dejan que pasen tranquilamente&#8221;.<\/p>\n<p>La UR XIX inform\u00f3 que durante el procedimiento del que participaron numerosos agentes fueron identificadas 182 personas, 93 veh\u00edculos y 72 motos, dos de las cuales fueron trasladas a la jefatura en calidad de secuestro preventivo por presentar n\u00fameros de motores adulterados.<\/p>\n<p>Em medio de esta crisis, un vecino revel\u00f3 a este medio que &#8220;est\u00e1n abriendo muchos autos. En la zona de atr\u00e1s de la Parroquia en 20 d\u00edas han abierto un cami\u00f3n, tres autos y otro que no pudieron. Abren y roban las pertenencias adentro, obviamente. Por lo que yo s\u00e9 de esa zona, es un lugar donde hay f\u00e1cil 12, 15 c\u00e1maras en esa parte y no esclarecieron un hecho. Hasta le toc\u00f3 a un polic\u00eda, y a cuatro o cinco veh\u00edculos m\u00e1s. Y no agarraron a nadie. Veinte d\u00edas, como menos, que van haciendo eso y no hay ning\u00fan preso&#8221;.<\/p>\n","protected":false},"excerpt":{"rendered":"<p>Los coletazos de la inseguridad que asola a Vera no encuentran l\u00edmite y siguen produci\u00e9ndose casos que mueven al asombro. Tal como el sucedido en ocasi\u00f3n de realizarse el megaoperativo de alta visibilidad por parte de la Unidad Regional XIX, supervisado por el n\u00famero 2 de la fuerza a nivel provincial. Mientras realizaban las acciones [&hellip;]<\/p>\n","protected":false},"author":3,"featured_media":52500,"comment_status":"closed","ping_status":"closed","sticky":false,"template":"","format":"standard","meta":{"_joinchat":[],"footnotes":""},"categories":[30,53],"tags":[],"class_list":{"0":"post-52496","1":"post","2":"type-post","3":"status-publish","4":"format-standard","5":"has-post-thumbnail","7":"category-policiales","8":"category-vera"},"_links":{"self":[{"href":"https:\/\/infovera.com.ar\/web\/wp-json\/wp\/v2\/posts\/52496","targetHints":{"allow":["GET"]}}],"collection":[{"href":"https:\/\/infovera.com.ar\/web\/wp-json\/wp\/v2\/posts"}],"about":[{"href":"https:\/\/infovera.com.ar\/web\/wp-json\/wp\/v2\/types\/post"}],"author":[{"embeddable":true,"href":"https:\/\/infovera.com.ar\/web\/wp-json\/wp\/v2\/users\/3"}],"replies":[{"embeddable":true,"href":"https:\/\/infovera.com.ar\/web\/wp-json\/wp\/v2\/comments?post=52496"}],"version-history":[{"count":0,"href":"https:\/\/infovera.com.ar\/web\/wp-json\/wp\/v2\/posts\/52496\/revisions"}],"wp:featuredmedia":[{"embeddable":true,"href":"https:\/\/infovera.com.ar\/web\/wp-json\/wp\/v2\/media\/52500"}],"wp:attachment":[{"href":"https:\/\/infovera.com.ar\/web\/wp-json\/wp\/v2\/media?parent=52496"}],"wp:term":[{"taxonomy":"category","embeddable":true,"href":"https:\/\/infovera.com.ar\/web\/wp-json\/wp\/v2\/categories?post=52496"},{"taxonomy":"post_tag","embeddable":true,"href":"https:\/\/infovera.com.ar\/web\/wp-json\/wp\/v2\/tags?post=52496"}],"curies":[{"name":"wp","href":"https:\/\/api.w.org\/{rel}","templated":true}]}}