{"id":52480,"date":"2024-05-31T14:26:48","date_gmt":"2024-05-31T17:26:48","guid":{"rendered":"https:\/\/infovera.com.ar\/web\/?p=52480"},"modified":"2024-06-02T14:32:14","modified_gmt":"2024-06-02T17:32:14","slug":"recuperar-la-red-vial-es-prioridad-en-vera","status":"publish","type":"post","link":"https:\/\/infovera.com.ar\/web\/2024\/05\/31\/recuperar-la-red-vial-es-prioridad-en-vera\/","title":{"rendered":"Recuperar la red vial es prioridad en Vera"},"content":{"rendered":"<p>As\u00ed lo expresaron los distintos niveles de gobierno empezando por el propio gobernador Maximiliano Pullaro que, en su gira por el norte, fue reiterativo con el tema que volvi\u00f3 a mencionar tambi\u00e9n en el acto de entrega de las 20 viviendas docentes en Vera cuando expres\u00f3 que \u201cel gobierno hab\u00eda tomado la decisi\u00f3n de recuperar tanto las rutas nacionales como las provinciales y para ello hemos hecho el esfuerzo de ejecutar unos 500 millones de d\u00f3lares en obra p\u00fablica para potenciar el desarrollo con productividad\u201d.<\/p>\n<p>En ese mismo acto, el ministro de Obras P\u00fablicas, Lisandro Enrico, se manifest\u00f3 en igual sentido ratificando la firme convicci\u00f3n de \u201ccontinuar con la obra p\u00fablica en la provincia, sobre todo en materia vial porque fomenta arraigo y desarrollo\u201d.<\/p>\n<p>El ministro tambi\u00e9n explic\u00f3 que, con respecto a los 12 kil\u00f3metros que resta pavimentar en la Ruta 3 entre Ca\u00f1ada Omb\u00fa y Los Amores, \u201cse est\u00e1 analizando la posibilidad de reformular el contrato o directamente llamar a una nueva licitaci\u00f3n\u201d<\/p>\n<p>En su momento, el administrador de Vialidad Provincial Pablo Seghezzo particip\u00f3 de una reuni\u00f3n celebrada en la Sociedad Rural de Vera., a la que tambi\u00e9n asistieron el Jefe de Zona Carlos Maggi y el diputado Sergio Rojas; en dicho encuentro los directivos de la entidad le expusieron su preocupaci\u00f3n por \u201cel marcado deterioro de la red caminera del departamento que dificulta el traslado de la producci\u00f3n de la zona\u201d.<\/p>\n<p>Los funcionarios reconocieron el panorama preocupante, pero pidieron tambi\u00e9n un poco de paciencia, destacando \u201cel esfuerzo del gobierno provincial para reparaci\u00f3n de maquinarias y asegurar la inversi\u00f3n en la recuperaci\u00f3n de la red vial\u201d.<\/p>\n<p>Resaltando el buen ritmo de trabajo gracias al clima favorable y en virtud del eficiente apoyo log\u00edstico que garantiza el suministro diario de combustible en todo el territorio, tanto en el coraz\u00f3n de la Cu\u00f1a Boscosa como en los Bajos Submeridionales.<\/p>\n<p>Letyana Press<\/p>\n","protected":false},"excerpt":{"rendered":"<p>As\u00ed lo expresaron los distintos niveles de gobierno empezando por el propio gobernador Maximiliano Pullaro que, en su gira por el norte, fue reiterativo con el tema que volvi\u00f3 a mencionar tambi\u00e9n en el acto de entrega de las 20 viviendas docentes en Vera cuando expres\u00f3 que \u201cel gobierno hab\u00eda tomado la decisi\u00f3n de recuperar [&hellip;]<\/p>\n","protected":false},"author":3,"featured_media":52481,"comment_status":"closed","ping_status":"closed","sticky":false,"template":"","format":"standard","meta":{"_joinchat":[],"footnotes":""},"categories":[53],"tags":[],"class_list":{"0":"post-52480","1":"post","2":"type-post","3":"status-publish","4":"format-standard","5":"has-post-thumbnail","7":"category-vera"},"_links":{"self":[{"href":"https:\/\/infovera.com.ar\/web\/wp-json\/wp\/v2\/posts\/52480","targetHints":{"allow":["GET"]}}],"collection":[{"href":"https:\/\/infovera.com.ar\/web\/wp-json\/wp\/v2\/posts"}],"about":[{"href":"https:\/\/infovera.com.ar\/web\/wp-json\/wp\/v2\/types\/post"}],"author":[{"embeddable":true,"href":"https:\/\/infovera.com.ar\/web\/wp-json\/wp\/v2\/users\/3"}],"replies":[{"embeddable":true,"href":"https:\/\/infovera.com.ar\/web\/wp-json\/wp\/v2\/comments?post=52480"}],"version-history":[{"count":0,"href":"https:\/\/infovera.com.ar\/web\/wp-json\/wp\/v2\/posts\/52480\/revisions"}],"wp:featuredmedia":[{"embeddable":true,"href":"https:\/\/infovera.com.ar\/web\/wp-json\/wp\/v2\/media\/52481"}],"wp:attachment":[{"href":"https:\/\/infovera.com.ar\/web\/wp-json\/wp\/v2\/media?parent=52480"}],"wp:term":[{"taxonomy":"category","embeddable":true,"href":"https:\/\/infovera.com.ar\/web\/wp-json\/wp\/v2\/categories?post=52480"},{"taxonomy":"post_tag","embeddable":true,"href":"https:\/\/infovera.com.ar\/web\/wp-json\/wp\/v2\/tags?post=52480"}],"curies":[{"name":"wp","href":"https:\/\/api.w.org\/{rel}","templated":true}]}}